{"id":5330,"date":"2023-04-26T21:20:18","date_gmt":"2023-04-26T21:20:18","guid":{"rendered":"https:\/\/ladepeche.mr\/?p=5330"},"modified":"2023-04-26T21:29:41","modified_gmt":"2023-04-26T21:29:41","slug":"politique-la-snim-met-en-garde-ses-employes-contre-lusage-de-ses-moyens-dans-la-propagande-electorale-prochaine","status":"publish","type":"post","link":"https:\/\/ladepeche.mr\/?p=5330","title":{"rendered":"Politique- Elections g\u00e9n\u00e9rales : La Snim met en garde contre l\u2019usage de ses moyens dans le but d&#8217;une propagande \u00e9lectorale"},"content":{"rendered":"<p>La soci\u00e9t\u00e9 nationale industrielle et mini\u00e8re (Snim) a r\u00e9it\u00e9r\u00e9 mardi par la voix de son Administrateur Directeur G\u00e9n\u00e9ral, Mohamed Vall Mohamed TELMIDY, sa  \u00absa stricte neutralit\u00e9 \u00bb par rapport \u00e0 tous les candidats en lice pour les \u00e9lections g\u00e9n\u00e9rales dans le pays et dit s\u2019interdire \u00ab de participer de quelle que mani\u00e8re que ce soit \u00e0 des campagnes \u00e9lectorales\u00bb.<br \/>\nLa soci\u00e9t\u00e9 exhorte \u00e9galement ses employ\u00e9s libres de leurs opinions politiques \u00e0 exercer leurs activit\u00e9s politiques \u00ab en dehors du temps et des lieux de travail \u00bb<br \/>\nLa note de l\u2019ADG met \u00e9galement en garde contre l\u2019utilisation des moyens de l\u2019entreprise dans un quelconque but de \u00ab propagande \u00e9lectorale\u00bb<br \/>\nCette mise en garde sans ambages a le m\u00e9rite de rassurer les protagonistes politiques dont certains accusent le parti au pouvoir &#8220;El Insaf&#8221; de profiter des moyens de l&#8217;Etat pour battre campagne.<\/p>\n","protected":false},"excerpt":{"rendered":"<p>La soci\u00e9t\u00e9 nationale industrielle et mini\u00e8re (Snim) a r\u00e9it\u00e9r\u00e9 mardi par la voix de son Administrateur Directeur G\u00e9n\u00e9ral, Mohamed Vall Mohamed TELMIDY, sa \u00absa stricte neutralit\u00e9 \u00bb par rapport \u00e0 tous les candidats en lice pour les \u00e9lections g\u00e9n\u00e9rales dans le pays et dit s\u2019interdire \u00ab de participer de quelle que mani\u00e8re que ce soit &hellip;<\/p>\n","protected":false},"author":2,"featured_media":5331,"comment_status":"open","ping_status":"open","sticky":false,"template":"","format":"standard","meta":{"footnotes":""},"categories":[18,2],"tags":[],"class_list":["post-5330","post","type-post","status-publish","format-standard","has-post-thumbnail","hentry","category-actualites","category-economie"],"_links":{"self":[{"href":"https:\/\/ladepeche.mr\/index.php?rest_route=\/wp\/v2\/posts\/5330","targetHints":{"allow":["GET"]}}],"collection":[{"href":"https:\/\/ladepeche.mr\/index.php?rest_route=\/wp\/v2\/posts"}],"about":[{"href":"https:\/\/ladepeche.mr\/index.php?rest_route=\/wp\/v2\/types\/post"}],"author":[{"embeddable":true,"href":"https:\/\/ladepeche.mr\/index.php?rest_route=\/wp\/v2\/users\/2"}],"replies":[{"embeddable":true,"href":"https:\/\/ladepeche.mr\/index.php?rest_route=%2Fwp%2Fv2%2Fcomments&post=5330"}],"version-history":[{"count":5,"href":"https:\/\/ladepeche.mr\/index.php?rest_route=\/wp\/v2\/posts\/5330\/revisions"}],"predecessor-version":[{"id":5336,"href":"https:\/\/ladepeche.mr\/index.php?rest_route=\/wp\/v2\/posts\/5330\/revisions\/5336"}],"wp:featuredmedia":[{"embeddable":true,"href":"https:\/\/ladepeche.mr\/index.php?rest_route=\/wp\/v2\/media\/5331"}],"wp:attachment":[{"href":"https:\/\/ladepeche.mr\/index.php?rest_route=%2Fwp%2Fv2%2Fmedia&parent=5330"}],"wp:term":[{"taxonomy":"category","embeddable":true,"href":"https:\/\/ladepeche.mr\/index.php?rest_route=%2Fwp%2Fv2%2Fcategories&post=5330"},{"taxonomy":"post_tag","embeddable":true,"href":"https:\/\/ladepeche.mr\/index.php?rest_route=%2Fwp%2Fv2%2Ftags&post=5330"}],"curies":[{"name":"wp","href":"https:\/\/api.w.org\/{rel}","templated":true}]}}