{"id":5337,"date":"2023-04-26T21:40:49","date_gmt":"2023-04-26T21:40:49","guid":{"rendered":"https:\/\/ladepeche.mr\/?p=5337"},"modified":"2023-04-26T21:40:49","modified_gmt":"2023-04-26T21:40:49","slug":"conseil-des-ministres-o-m-kane-presente-une-reforme-de-la-strategie-nationale-de-lutte-contre-la-corruption","status":"publish","type":"post","link":"https:\/\/ladepeche.mr\/?p=5337","title":{"rendered":"Conseil des ministres : O.M. Kane pr\u00e9sente une r\u00e9forme de la strat\u00e9gie nationale de lutte contre la corruption"},"content":{"rendered":"<p>O.M. Kane, ministre des Affaires \u00c9conomiques et de la Promotion des Secteurs Productifs, a pr\u00e9sent\u00e9 mercredi, \u00e0 la faveur de la tenue de la r\u00e9union hebdomadaire du gouvernement, une communication relative \u00e0 la strat\u00e9gie nationale de lutte contre la corruption 2023-2030. Il s\u2019agit selon le ministre de r\u00e9formes port\u00e9es \u00e0 la strat\u00e9gie de 2010 et qui visent en am\u00e9liorer l\u2019efficacit\u00e9 &#8216;noys y reviendrons).<br \/>\nCi-apr\u00e8s le communiqu\u00e9 sanctionnant la r\u00e9union du gouvernement en date du 26 04 2023:<\/p>\n<p>Le Conseil des Ministres s\u2019est r\u00e9uni le mercredi 26 avril 2023, sous la Pr\u00e9sidence de Son Excellence Monsieur le Pr\u00e9sident de la R\u00e9publique, Mohamed Ould Cheikh El Ghazouani.<\/p>\n<p>Le Conseil a examin\u00e9 et adopt\u00e9 les projets de d\u00e9crets suivants :<\/p>\n<p>\u2010 Projet de d\u00e9cret portant cr\u00e9ation d\u2019un \u00c9tablissement Public \u00e0 caract\u00e8re Administratif d\u00e9nomm\u00e9 \u00ab Autorit\u00e9 Nationale d\u2019\u00c9valuation et du Contr\u00f4le de la Qualit\u00e9 de l\u2019Enseignement de Base et du Secondaire \u00bb et fixant les r\u00e8gles de son organisation et son fonctionnement.<\/p>\n<p>Le pr\u00e9sent projet de d\u00e9cret s\u2019inscrit dans le cadre de la mise en \u0153uvre des engagements de Son Excellence Monsieur le Pr\u00e9sident de la R\u00e9publique, relatifs \u00e0 la r\u00e9forme du syst\u00e8me \u00e9ducatif national, en assurant un service \u00e9ducatif de qualit\u00e9, complet et \u00e9quitable.<\/p>\n<p>A cet \u00e9gard, ce projet de d\u00e9cret propose la cr\u00e9ation d\u2019une autorit\u00e9 nationale d\u2019\u00e9valuation et du contr\u00f4le de la qualit\u00e9 de l\u2019enseignement de base et du secondaire, qui a pour principales mission de : (i) contr\u00f4ler la qualit\u00e9 des acquis des \u00e9l\u00e8ves ; (ii) suivre et \u00e9valuer les performances des personnels travaillant dans le domaine \u00e9ducatif ; (iii) contr\u00f4ler la performance des \u00e9tablissements d\u2019enseignement.<\/p>\n<p>\u2010 Projet de d\u00e9cret abrogeant et rempla\u00e7ant le d\u00e9cret n\u00b0 2018\/106\/PM du 19 juin 2018, compl\u00e9tant certaines dispositions du d\u00e9cret n\u00b0 2016-082 du 19 avril 2016, modifi\u00e9, portant harmonisation et simplification du syst\u00e8me de r\u00e9mun\u00e9ration des fonctionnaires et agents contractuels de l\u2019\u00c9tat et de ses \u00e9tablissements publics \u00e0 caract\u00e8re administratif.<\/p>\n<p>Le pr\u00e9sent projet de d\u00e9cret a pour objectif de compl\u00e9ter l\u2019annexe III du d\u00e9cret n\u00b0 2018\/106\/PM du 19 juin 2018, compl\u00e9tant certaines dispositions du d\u00e9cret n\u00b0 2016-082 du 19 avril 2016, modifi\u00e9, portant harmonisation et simplification du syst\u00e8me de r\u00e9mun\u00e9ration des fonctionnaires et agents contractuels de l\u2019\u00c9tat et de ses \u00e9tablissements publics \u00e0 caract\u00e8re administratif, pour attribuer des indemnit\u00e9s et primes au profit du corps des formateurs des \u00c9coles Normales des Instituteurs (ENI).<\/p>\n<p>Le Ministre des Affaires \u00c9trang\u00e8res, de la Coop\u00e9ration et des Mauritaniens de l\u2019Ext\u00e9rieur a pr\u00e9sent\u00e9 une communication relative \u00e0 la situation internationale.<\/p>\n<p>Le Ministre de l\u2019Int\u00e9rieur et de la D\u00e9centralisation a pr\u00e9sent\u00e9 une communication relative \u00e0 la situation int\u00e9rieure.<\/p>\n<p>Le Ministre des Affaires \u00c9conomiques et de la Promotion des Secteurs Productifs a pr\u00e9sent\u00e9 une communication relative \u00e0 la strat\u00e9gie nationale de lutte contre la corruption 2023-2030.<\/p>\n<p>Cette communication a pour objet d\u2019une part, de faire l\u2019\u00e9tat des lieux en mati\u00e8re de lutte contre la corruption dans notre pays depuis 2010 et les activit\u00e9s entreprises dans ce cadre en 2019, notamment : i) la publication des rapports de la cours des comptes ; ii) l\u2019\u00e9valuation du syst\u00e8me des march\u00e9s publics ; iii) la publication de la liste des march\u00e9s pass\u00e9s de gr\u00e9 \u00e0 gr\u00e9 ; et iv) la prestation de serment des personnes responsables des march\u00e9s publics.<\/p>\n<p>D\u2019autre part, de pr\u00e9senter les grandes lignes de la Strat\u00e9gie Nationale actualis\u00e9e de Lutte Contre la Corruption pour 2023-2030, dont l\u2019objectif principal consiste \u00e0 assurer une meilleure moralisation de la vie publique, notamment \u00e0 travers le renforcement des pouvoirs et de l\u2019efficacit\u00e9 des instances judiciaires et des organes de contr\u00f4le, tout en valorisant le r\u00f4le du Parlement et de la soci\u00e9t\u00e9 civile en mati\u00e8re de lutte contre la corruption.<\/p>\n<p>Cette strat\u00e9gie d\u00e9finit une approche structur\u00e9e en cinq piliers, en raison de leurs impacts sur l\u2019incidence r\u00e9elle de la corruption et sur sa perception :<\/p>\n<p>\u2022 La bonne gouvernance ;<\/p>\n<p>\u2022 La pr\u00e9vention et d\u00e9tection de la corruption ;<\/p>\n<p>\u2022 La r\u00e9pression ;<\/p>\n<p>\u2022 La communication et la sensibilisation ; et<\/p>\n<p>\u2022 La culture anti-corruption.<\/p>\n<p>Enfin, le Conseil des Ministres a pris la mesure individuelle suivante :<\/p>\n<p>Minist\u00e8re de l\u2019Agriculture<\/p>\n<p>Cabinet du Ministre<\/p>\n<p>Charg\u00e9 de Mission, Docteur Abdel Kader Ould Mohamed Saleck, pr\u00e9c\u00e9demment coordinateur du Projet de D\u00e9veloppement des Fili\u00e8res Inclusives (PRODRFI)<\/p>\n<p>Ami<\/p>\n","protected":false},"excerpt":{"rendered":"<p>O.M. Kane, ministre des Affaires \u00c9conomiques et de la Promotion des Secteurs Productifs, a pr\u00e9sent\u00e9 mercredi, \u00e0 la faveur de la tenue de la r\u00e9union hebdomadaire du gouvernement, une communication relative \u00e0 la strat\u00e9gie nationale de lutte contre la corruption 2023-2030. Il s\u2019agit selon le ministre de r\u00e9formes port\u00e9es \u00e0 la strat\u00e9gie de 2010 et &hellip;<\/p>\n","protected":false},"author":2,"featured_media":4969,"comment_status":"open","ping_status":"open","sticky":false,"template":"","format":"standard","meta":{"footnotes":""},"categories":[18,2],"tags":[],"class_list":["post-5337","post","type-post","status-publish","format-standard","has-post-thumbnail","hentry","category-actualites","category-economie"],"_links":{"self":[{"href":"https:\/\/ladepeche.mr\/index.php?rest_route=\/wp\/v2\/posts\/5337","targetHints":{"allow":["GET"]}}],"collection":[{"href":"https:\/\/ladepeche.mr\/index.php?rest_route=\/wp\/v2\/posts"}],"about":[{"href":"https:\/\/ladepeche.mr\/index.php?rest_route=\/wp\/v2\/types\/post"}],"author":[{"embeddable":true,"href":"https:\/\/ladepeche.mr\/index.php?rest_route=\/wp\/v2\/users\/2"}],"replies":[{"embeddable":true,"href":"https:\/\/ladepeche.mr\/index.php?rest_route=%2Fwp%2Fv2%2Fcomments&post=5337"}],"version-history":[{"count":1,"href":"https:\/\/ladepeche.mr\/index.php?rest_route=\/wp\/v2\/posts\/5337\/revisions"}],"predecessor-version":[{"id":5338,"href":"https:\/\/ladepeche.mr\/index.php?rest_route=\/wp\/v2\/posts\/5337\/revisions\/5338"}],"wp:featuredmedia":[{"embeddable":true,"href":"https:\/\/ladepeche.mr\/index.php?rest_route=\/wp\/v2\/media\/4969"}],"wp:attachment":[{"href":"https:\/\/ladepeche.mr\/index.php?rest_route=%2Fwp%2Fv2%2Fmedia&parent=5337"}],"wp:term":[{"taxonomy":"category","embeddable":true,"href":"https:\/\/ladepeche.mr\/index.php?rest_route=%2Fwp%2Fv2%2Fcategories&post=5337"},{"taxonomy":"post_tag","embeddable":true,"href":"https:\/\/ladepeche.mr\/index.php?rest_route=%2Fwp%2Fv2%2Ftags&post=5337"}],"curies":[{"name":"wp","href":"https:\/\/api.w.org\/{rel}","templated":true}]}}