{"id":5346,"date":"2023-04-27T18:28:55","date_gmt":"2023-04-27T18:28:55","guid":{"rendered":"https:\/\/ladepeche.mr\/?p=5346"},"modified":"2023-04-27T18:32:34","modified_gmt":"2023-04-27T18:32:34","slug":"politique-passif-humanitaire-des-pretendues-victimes-des-annees-de-braise-contre-la-candidature-de-mohamed-meguett","status":"publish","type":"post","link":"https:\/\/ladepeche.mr\/?p=5346","title":{"rendered":"Politique- Passif humanitaire: De  pr\u00e9tendus proches des victimes des ann\u00e9es de braise contre la candidature de Mohamed Meguett"},"content":{"rendered":"<p>Une manifestation contre la candidature du g\u00e9n\u00e9ral \u00e0 la retraite, Mohamed Ould Meguet, a \u00e9t\u00e9 organis\u00e9e ce jeudi devant le palais pr\u00e9sidentiel \u00e0 Nouakchott par des pr\u00e9tendus ayant-droits de victime des ann\u00e9es de braise en Mauritanie dans les ann\u00e9es 90.<\/p>\n<p>Les manifestants, pr\u00e8s d&#8217;une dizaine de personnes, qui se clament proches des victimes des exactions commises contre les auteurs civils et militaires d&#8217;une tentative de coup d&#8217;Etat contre le r\u00e9gime de Ould Taya, il y a une trentaine d&#8217;ann\u00e9es, disent condamner la candidature sur la liste nationale du parti &#8220;El Insaf&#8221;, au pouvoir, du g\u00e9n\u00e9ral \u00e0 la retraite \u00e0 fortiori son choix pour le perchoir de la future Assembl\u00e9e nationale, \u00e0 un moment o\u00f9 (faisant allusion \u00e0 l&#8217;Appel du Chef de l&#8217;Etat de Dj\u00e9ol) le gouvernement m\u00e8ne une tentative de reconstruction de l&#8217;Unit\u00e9 nationale.<br \/>\nL\u2019ex-patron de la DGSN, et de l&#8217;\u00e9tat-major des arm\u00e9es, Mohamed Ould Meguett, port\u00e9 candidat par le parti \u00abEl Insaf \u00bb et t\u00eate de liste sur sa liste nationale mixte pour la d\u00e9putation avait fait l\u2019objet des m\u00eames accusations de violations de droits de l\u2019homme par le Fonadh (forum des organisations nationales des droits de l\u2019Homme).<\/p>\n<p>Une loi d&#8217;amnistie vot\u00e9e par le Parlement, en 1993, et li\u00e9e, rappelle-t-on, aux ann\u00e9es de braise dans le pays, absout tous les \u00ab membres des forces arm\u00e9es et de s\u00e9curit\u00e9 \u00bb pr\u00e9sum\u00e9s coupables d\u2019actes de violations entre 1989 et 1992, de poursuites judiciaires.<\/p>\n","protected":false},"excerpt":{"rendered":"<p>Une manifestation contre la candidature du g\u00e9n\u00e9ral \u00e0 la retraite, Mohamed Ould Meguet, a \u00e9t\u00e9 organis\u00e9e ce jeudi devant le palais pr\u00e9sidentiel \u00e0 Nouakchott par des pr\u00e9tendus ayant-droits de victime des ann\u00e9es de braise en Mauritanie dans les ann\u00e9es 90. Les manifestants, pr\u00e8s d&#8217;une dizaine de personnes, qui se clament proches des victimes des exactions &hellip;<\/p>\n","protected":false},"author":2,"featured_media":5347,"comment_status":"open","ping_status":"open","sticky":false,"template":"","format":"standard","meta":{"footnotes":""},"categories":[18],"tags":[],"class_list":["post-5346","post","type-post","status-publish","format-standard","has-post-thumbnail","hentry","category-actualites"],"_links":{"self":[{"href":"https:\/\/ladepeche.mr\/index.php?rest_route=\/wp\/v2\/posts\/5346","targetHints":{"allow":["GET"]}}],"collection":[{"href":"https:\/\/ladepeche.mr\/index.php?rest_route=\/wp\/v2\/posts"}],"about":[{"href":"https:\/\/ladepeche.mr\/index.php?rest_route=\/wp\/v2\/types\/post"}],"author":[{"embeddable":true,"href":"https:\/\/ladepeche.mr\/index.php?rest_route=\/wp\/v2\/users\/2"}],"replies":[{"embeddable":true,"href":"https:\/\/ladepeche.mr\/index.php?rest_route=%2Fwp%2Fv2%2Fcomments&post=5346"}],"version-history":[{"count":3,"href":"https:\/\/ladepeche.mr\/index.php?rest_route=\/wp\/v2\/posts\/5346\/revisions"}],"predecessor-version":[{"id":5350,"href":"https:\/\/ladepeche.mr\/index.php?rest_route=\/wp\/v2\/posts\/5346\/revisions\/5350"}],"wp:featuredmedia":[{"embeddable":true,"href":"https:\/\/ladepeche.mr\/index.php?rest_route=\/wp\/v2\/media\/5347"}],"wp:attachment":[{"href":"https:\/\/ladepeche.mr\/index.php?rest_route=%2Fwp%2Fv2%2Fmedia&parent=5346"}],"wp:term":[{"taxonomy":"category","embeddable":true,"href":"https:\/\/ladepeche.mr\/index.php?rest_route=%2Fwp%2Fv2%2Fcategories&post=5346"},{"taxonomy":"post_tag","embeddable":true,"href":"https:\/\/ladepeche.mr\/index.php?rest_route=%2Fwp%2Fv2%2Ftags&post=5346"}],"curies":[{"name":"wp","href":"https:\/\/api.w.org\/{rel}","templated":true}]}}