{"id":5360,"date":"2023-04-27T22:00:42","date_gmt":"2023-04-27T22:00:42","guid":{"rendered":"https:\/\/ladepeche.mr\/?p=5360"},"modified":"2023-04-27T22:02:35","modified_gmt":"2023-04-27T22:02:35","slug":"le-president-ghazouani-accueille-a-oumtounsi-les-ressortissants-mauritaniens-evacues-du-soudan","status":"publish","type":"post","link":"https:\/\/ladepeche.mr\/?p=5360","title":{"rendered":"Le pr\u00e9sident Ghazouani accueille \u00e0 Oumtounsi les ressortissants mauritaniens \u00e9vacu\u00e9s du Soudan"},"content":{"rendered":"<p>Le pr\u00e9sident Ghazouani a accueilli, t\u00f4t ce jeudi matin, les ressortissants mauritaniens \u00e9vacu\u00e9s du Soudan, \u00e0 l\u2019a\u00e9roport Oumtounsi de Nouakchott. Le gouvernement mauritanien a affr\u00e9t\u00e9 un avion de la Mauritania Airlines pour les ramener du Soudan via l\u2019Arabie Saoudite.<\/p>\n<p>Pour rappel, les combats qui opposent depuis le 15 avril l&#8217;arm\u00e9e soudanaise du g\u00e9n\u00e9ral Al-Burhane et les Forces de r\u00e9action rapide du g\u00e9n\u00e9ral Daglo se sont arr\u00eat\u00e9s temporairement. Mais la tr\u00eave de 72 heures reste fragile \u00e0 Khartoum et les \u00e9vacuations se poursuivent avec l&#8217;arriv\u00e9e ce 26 avril en Arabie Saoudite d&#8217;un bateau transportant 1.687 civils fuyant les combats.<\/p>\n<p>Mercredi, le Repr\u00e9sentant sp\u00e9cial de l&#8217;ONU pour le Soudan, Volker Perthes, a appel\u00e9 les factions militaires rivales qui ont plong\u00e9 le pays dans le chaos au cours de 11 jours de combats \u00e0 \u00ab respecter pleinement \u00bb le cessez-le-feu de 72 heures, alors que les rapports faisant \u00e9tat de violences intercommunautaires et d&#8217;attaques dans la r\u00e9gion du Darfour occidental suscitent une inqui\u00e9tude croissante.<\/p>\n<blockquote class=\"wp-embedded-content\" data-secret=\"q2sTB9y16w\"><p><a href=\"https:\/\/ladepeche.mr\/?p=5328\">Urgent- Mauritanie- Soudan: des ressortissants mauritaniens \u00e9vacu\u00e9s du Soudan attendus ce soir \u00e0 Nouakchott<\/a><\/p><\/blockquote>\n<p><iframe loading=\"lazy\" class=\"wp-embedded-content\" sandbox=\"allow-scripts\" security=\"restricted\" style=\"position: absolute; clip: rect(1px, 1px, 1px, 1px);\" title=\"&#8220;Urgent- Mauritanie- Soudan: des ressortissants mauritaniens \u00e9vacu\u00e9s du Soudan attendus ce soir \u00e0 Nouakchott&#8221; &#8212; La D\u00e9p\u00eache  de Mauritanie et du Sahel\" src=\"https:\/\/ladepeche.mr\/?p=5328&#038;embed=true#?secret=uikWcRk9jt#?secret=q2sTB9y16w\" data-secret=\"q2sTB9y16w\" width=\"500\" height=\"282\" frameborder=\"0\" marginwidth=\"0\" marginheight=\"0\" scrolling=\"no\"><\/iframe><\/p>\n<p>P\u00e9kin a d\u00e9p\u00each\u00e9 des navires de sa marine afin d&#8217;aider ses ressortissants \u00e0 quitter le pays, a indiqu\u00e9 jeudi le minist\u00e8re chinois de la D\u00e9fense.<\/p>\n<p>Selon les estimations des Nations Unies, le conflit au Soudan a fait au moins 500 morts, plus de 4 000 bless\u00e9s et pourrait conduire \u00e0 un exode massif de r\u00e9fugi\u00e9s dans la r\u00e9gion.<\/p>\n<p>Source: Cridem<\/p>\n","protected":false},"excerpt":{"rendered":"<p>Le pr\u00e9sident Ghazouani a accueilli, t\u00f4t ce jeudi matin, les ressortissants mauritaniens \u00e9vacu\u00e9s du Soudan, \u00e0 l\u2019a\u00e9roport Oumtounsi de Nouakchott. Le gouvernement mauritanien a affr\u00e9t\u00e9 un avion de la Mauritania Airlines pour les ramener du Soudan via l\u2019Arabie Saoudite. Pour rappel, les combats qui opposent depuis le 15 avril l&#8217;arm\u00e9e soudanaise du g\u00e9n\u00e9ral Al-Burhane et &hellip;<\/p>\n","protected":false},"author":2,"featured_media":5361,"comment_status":"open","ping_status":"open","sticky":false,"template":"","format":"standard","meta":{"footnotes":""},"categories":[18,29],"tags":[],"class_list":["post-5360","post","type-post","status-publish","format-standard","has-post-thumbnail","hentry","category-actualites","category-monde"],"_links":{"self":[{"href":"https:\/\/ladepeche.mr\/index.php?rest_route=\/wp\/v2\/posts\/5360","targetHints":{"allow":["GET"]}}],"collection":[{"href":"https:\/\/ladepeche.mr\/index.php?rest_route=\/wp\/v2\/posts"}],"about":[{"href":"https:\/\/ladepeche.mr\/index.php?rest_route=\/wp\/v2\/types\/post"}],"author":[{"embeddable":true,"href":"https:\/\/ladepeche.mr\/index.php?rest_route=\/wp\/v2\/users\/2"}],"replies":[{"embeddable":true,"href":"https:\/\/ladepeche.mr\/index.php?rest_route=%2Fwp%2Fv2%2Fcomments&post=5360"}],"version-history":[{"count":3,"href":"https:\/\/ladepeche.mr\/index.php?rest_route=\/wp\/v2\/posts\/5360\/revisions"}],"predecessor-version":[{"id":5371,"href":"https:\/\/ladepeche.mr\/index.php?rest_route=\/wp\/v2\/posts\/5360\/revisions\/5371"}],"wp:featuredmedia":[{"embeddable":true,"href":"https:\/\/ladepeche.mr\/index.php?rest_route=\/wp\/v2\/media\/5361"}],"wp:attachment":[{"href":"https:\/\/ladepeche.mr\/index.php?rest_route=%2Fwp%2Fv2%2Fmedia&parent=5360"}],"wp:term":[{"taxonomy":"category","embeddable":true,"href":"https:\/\/ladepeche.mr\/index.php?rest_route=%2Fwp%2Fv2%2Fcategories&post=5360"},{"taxonomy":"post_tag","embeddable":true,"href":"https:\/\/ladepeche.mr\/index.php?rest_route=%2Fwp%2Fv2%2Ftags&post=5360"}],"curies":[{"name":"wp","href":"https:\/\/api.w.org\/{rel}","templated":true}]}}