{"id":5363,"date":"2023-04-27T21:51:19","date_gmt":"2023-04-27T21:51:19","guid":{"rendered":"https:\/\/ladepeche.mr\/?p=5363"},"modified":"2023-04-27T22:00:11","modified_gmt":"2023-04-27T22:00:11","slug":"mauritanie-economie-la-bm-promet-daccompagner-les-efforts-des-autorites-pour-booster-les-investissements-dans-le-pays","status":"publish","type":"post","link":"https:\/\/ladepeche.mr\/?p=5363","title":{"rendered":"Mauritanie- Economie : La BM promet d\u2019accompagner les efforts des autorit\u00e9s pour booster les investissements dans le pays"},"content":{"rendered":"<p>Les locaux de l\u2019agence de promotion des investissements en Mauritanie (APIM) ont abrit\u00e9 une r\u00e9union de travail entre l\u2019APIM et une d\u00e9l\u00e9gation de la Banque Mondiale, venue pr\u00eater main forte pour aider \u00e0 stimuler les investissements dans le pays.<\/p>\n<blockquote class=\"wp-embedded-content\" data-secret=\"G7bEY4yeOc\"><p><a href=\"https:\/\/ladepeche.mr\/?p=5205\">Economie : L\u2019APIM \u00e9claire son bilan de deux bougies<\/a><\/p><\/blockquote>\n<p><iframe loading=\"lazy\" class=\"wp-embedded-content\" sandbox=\"allow-scripts\" security=\"restricted\" style=\"position: absolute; clip: rect(1px, 1px, 1px, 1px);\" title=\"&#8220;Economie : L\u2019APIM \u00e9claire son bilan de deux bougies&#8221; &#8212; La D\u00e9p\u00eache  de Mauritanie et du Sahel\" src=\"https:\/\/ladepeche.mr\/?p=5205&#038;embed=true#?secret=b0fxanjYIc#?secret=G7bEY4yeOc\" data-secret=\"G7bEY4yeOc\" width=\"500\" height=\"282\" frameborder=\"0\" marginwidth=\"0\" marginheight=\"0\" scrolling=\"no\"><\/iframe><\/p>\n<p>La d\u00e9l\u00e9gation des experts de la Banque Mondiale a \u00e9chang\u00e9 \u00e0 ,ce sujet avec la directrice de l\u2019APIM, Aissata Lam, entour\u00e9e de ses plus proches collaborateurs,  sur     dans le pays, ses contraintes et ses atouts.<\/p>\n<p>La r\u00e9union entre les deux parties a \u00e9t\u00e9 sanctionn\u00e9e par un accord en vue de raffermir   dans ce domaine et plus sp\u00e9cifiquement mettant sur pied des projets communs pour aider \u00e0 booster l&#8217;investissement en Mauritanie.<\/p>\n","protected":false},"excerpt":{"rendered":"<p>Les locaux de l\u2019agence de promotion des investissements en Mauritanie (APIM) ont abrit\u00e9 une r\u00e9union de travail entre l\u2019APIM et une d\u00e9l\u00e9gation de la Banque Mondiale, venue pr\u00eater main forte pour aider \u00e0 stimuler les investissements dans le pays. Economie : L\u2019APIM \u00e9claire son bilan de deux bougies La d\u00e9l\u00e9gation des experts de la Banque &hellip;<\/p>\n","protected":false},"author":2,"featured_media":5364,"comment_status":"open","ping_status":"open","sticky":false,"template":"","format":"standard","meta":{"footnotes":""},"categories":[18,2],"tags":[],"class_list":["post-5363","post","type-post","status-publish","format-standard","has-post-thumbnail","hentry","category-actualites","category-economie"],"_links":{"self":[{"href":"https:\/\/ladepeche.mr\/index.php?rest_route=\/wp\/v2\/posts\/5363","targetHints":{"allow":["GET"]}}],"collection":[{"href":"https:\/\/ladepeche.mr\/index.php?rest_route=\/wp\/v2\/posts"}],"about":[{"href":"https:\/\/ladepeche.mr\/index.php?rest_route=\/wp\/v2\/types\/post"}],"author":[{"embeddable":true,"href":"https:\/\/ladepeche.mr\/index.php?rest_route=\/wp\/v2\/users\/2"}],"replies":[{"embeddable":true,"href":"https:\/\/ladepeche.mr\/index.php?rest_route=%2Fwp%2Fv2%2Fcomments&post=5363"}],"version-history":[{"count":3,"href":"https:\/\/ladepeche.mr\/index.php?rest_route=\/wp\/v2\/posts\/5363\/revisions"}],"predecessor-version":[{"id":5367,"href":"https:\/\/ladepeche.mr\/index.php?rest_route=\/wp\/v2\/posts\/5363\/revisions\/5367"}],"wp:featuredmedia":[{"embeddable":true,"href":"https:\/\/ladepeche.mr\/index.php?rest_route=\/wp\/v2\/media\/5364"}],"wp:attachment":[{"href":"https:\/\/ladepeche.mr\/index.php?rest_route=%2Fwp%2Fv2%2Fmedia&parent=5363"}],"wp:term":[{"taxonomy":"category","embeddable":true,"href":"https:\/\/ladepeche.mr\/index.php?rest_route=%2Fwp%2Fv2%2Fcategories&post=5363"},{"taxonomy":"post_tag","embeddable":true,"href":"https:\/\/ladepeche.mr\/index.php?rest_route=%2Fwp%2Fv2%2Ftags&post=5363"}],"curies":[{"name":"wp","href":"https:\/\/api.w.org\/{rel}","templated":true}]}}