{"id":5377,"date":"2023-04-28T16:14:54","date_gmt":"2023-04-28T16:14:54","guid":{"rendered":"https:\/\/ladepeche.mr\/?p=5377"},"modified":"2023-04-28T16:15:06","modified_gmt":"2023-04-28T16:15:06","slug":"urgent-mauritanie-elections-ludp-boycotte-le-demarrage-de-la-campagne-pour-protester-contre-linimitie-du-ministre-de-linterieur","status":"publish","type":"post","link":"https:\/\/ladepeche.mr\/?p=5377","title":{"rendered":"Urgent- Mauritanie- Elections : l\u2019UDP boycotte le d\u00e9marrage de la campagne pour protester contre \u201cl\u2019inimiti\u00e9\u201d du ministre de l\u2019int\u00e9rieur"},"content":{"rendered":"<p>L\u2019Union pour la D\u00e9mocratie et le Progr\u00e8s (UDP), parti de la Majorit\u00e9 pr\u00e9sidentielle, pr\u00e9sid\u00e9e par Mme Naha Mint Mouknass, boycotte le lancement de la campagne \u00e9lectorale \u00e0 Nouakchott, au moins, pour protester contre l\u2019attitude d\u2019inimiti\u00e9 du ministre de l\u2019int\u00e9rieur et de la d\u00e9centralisation, Mohamed Ahmed Ould Mohamed Lemine, expliquent \u00e0 quelques heures du d\u00e9but de la campagne \u00e9lectorale, certaines sources proches de ce parti.<br \/>\nSelon les m\u00eames sources, les contradictions entre la pr\u00e9sidente du parti, Mme Naha Mint Mouknass, et le ministre de l\u2019int\u00e9rieur et de la d\u00e9centralisation, Mohamed Ahmed Ould Mohamed Lemine, ont rejailli sur la derni\u00e8re r\u00e9union organis\u00e9e par le minist\u00e8re de l\u2019int\u00e9rieur avec toutes les formations politiques la veille de la campagne \u00e9lectorale et consacr\u00e9e aux fonds allou\u00e9s pour les besoins de financement de la campagne \u00e9lectorale des partis en course.<br \/>\nLes relations des deux responsables politiques ne sont plus au beau fixe depuis une r\u00e9union, il y a quelques jours, de la Majorit\u00e9 politique o\u00f9 la pr\u00e9sidente du parti de l\u2019UDP a refus\u00e9 de retirer des candidatures au nom de son parti aux \u00e9lections r\u00e9gionales au b\u00e9n\u00e9fice du parti au pouvoir.<br \/>\nNotons que l\u2019UDP est sortie, lors des derni\u00e8res \u00e9lections de 2018, comme la 3\u00e8me force politique apr\u00e8s l\u2019UPR (devenu El Insaf) et Tawassoul (Islamistes) en termes d\u2019\u00e9lus sous sa banni\u00e8re.<\/p>\n","protected":false},"excerpt":{"rendered":"<p>L\u2019Union pour la D\u00e9mocratie et le Progr\u00e8s (UDP), parti de la Majorit\u00e9 pr\u00e9sidentielle, pr\u00e9sid\u00e9e par Mme Naha Mint Mouknass, boycotte le lancement de la campagne \u00e9lectorale \u00e0 Nouakchott, au moins, pour protester contre l\u2019attitude d\u2019inimiti\u00e9 du ministre de l\u2019int\u00e9rieur et de la d\u00e9centralisation, Mohamed Ahmed Ould Mohamed Lemine, expliquent \u00e0 quelques heures du d\u00e9but de &hellip;<\/p>\n","protected":false},"author":2,"featured_media":5352,"comment_status":"open","ping_status":"open","sticky":false,"template":"","format":"standard","meta":{"footnotes":""},"categories":[33],"tags":[],"class_list":["post-5377","post","type-post","status-publish","format-standard","has-post-thumbnail","hentry","category-eg"],"_links":{"self":[{"href":"https:\/\/ladepeche.mr\/index.php?rest_route=\/wp\/v2\/posts\/5377","targetHints":{"allow":["GET"]}}],"collection":[{"href":"https:\/\/ladepeche.mr\/index.php?rest_route=\/wp\/v2\/posts"}],"about":[{"href":"https:\/\/ladepeche.mr\/index.php?rest_route=\/wp\/v2\/types\/post"}],"author":[{"embeddable":true,"href":"https:\/\/ladepeche.mr\/index.php?rest_route=\/wp\/v2\/users\/2"}],"replies":[{"embeddable":true,"href":"https:\/\/ladepeche.mr\/index.php?rest_route=%2Fwp%2Fv2%2Fcomments&post=5377"}],"version-history":[{"count":1,"href":"https:\/\/ladepeche.mr\/index.php?rest_route=\/wp\/v2\/posts\/5377\/revisions"}],"predecessor-version":[{"id":5378,"href":"https:\/\/ladepeche.mr\/index.php?rest_route=\/wp\/v2\/posts\/5377\/revisions\/5378"}],"wp:featuredmedia":[{"embeddable":true,"href":"https:\/\/ladepeche.mr\/index.php?rest_route=\/wp\/v2\/media\/5352"}],"wp:attachment":[{"href":"https:\/\/ladepeche.mr\/index.php?rest_route=%2Fwp%2Fv2%2Fmedia&parent=5377"}],"wp:term":[{"taxonomy":"category","embeddable":true,"href":"https:\/\/ladepeche.mr\/index.php?rest_route=%2Fwp%2Fv2%2Fcategories&post=5377"},{"taxonomy":"post_tag","embeddable":true,"href":"https:\/\/ladepeche.mr\/index.php?rest_route=%2Fwp%2Fv2%2Ftags&post=5377"}],"curies":[{"name":"wp","href":"https:\/\/api.w.org\/{rel}","templated":true}]}}