{"id":5379,"date":"2023-04-28T16:16:35","date_gmt":"2023-04-28T16:16:35","guid":{"rendered":"https:\/\/ladepeche.mr\/?p=5379"},"modified":"2023-04-28T16:16:35","modified_gmt":"2023-04-28T16:16:35","slug":"mauritanie-elections-la-justice-deboute-le-parti-el-insaf-au-sujet-de-la-delimitation-administrative-de-rkiz-2","status":"publish","type":"post","link":"https:\/\/ladepeche.mr\/?p=5379","title":{"rendered":"Mauritanie- Elections : La justice d\u00e9boute le parti \u00ab El Insaf \u00bb au sujet de la d\u00e9limitation administrative de R\u2019Kiz"},"content":{"rendered":"<p>La Chambre administrative de la Cour Supr\u00eame a statu\u00e9 en faveur du parti \u00ab El Islah \u00bb contre le parti au pouvoir \u00abEl Insaf \u00bb au sujet de la d\u00e9limitation administrative de la moughataa de R\u2019Kiz, dans la r\u00e9gion du Trarza, apprend-on de source de nos confr\u00e8res arabophones de alakhbar.<br \/>\nLe conflit entre les deux partis porte sur l\u2019appartenance de plusieurs localit\u00e9s rurales relevant de T\u00e9kane que le parti \u00ab El Insaf \u00bb tentait de raccorder \u00e0 la moughataa de R\u2019Kiz.<\/p>\n<p>La Cour Supr\u00eame a enfin accept\u00e9 le recours pr\u00e9sent\u00e9 par le candidat du parti Islah contre la d\u00e9cision de faire d\u00e9pendre les villages de Naemiyat, Ajar, Bir-oulad-Issa, Dhar-Ndar, Agweylid et \u00ab douze-douze\u00bb de la moughatta de R\u2019Kiz.<\/p>\n","protected":false},"excerpt":{"rendered":"<p>La Chambre administrative de la Cour Supr\u00eame a statu\u00e9 en faveur du parti \u00ab El Islah \u00bb contre le parti au pouvoir \u00abEl Insaf \u00bb au sujet de la d\u00e9limitation administrative de la moughataa de R\u2019Kiz, dans la r\u00e9gion du Trarza, apprend-on de source de nos confr\u00e8res arabophones de alakhbar. Le conflit entre les deux &hellip;<\/p>\n","protected":false},"author":2,"featured_media":5356,"comment_status":"open","ping_status":"open","sticky":false,"template":"","format":"standard","meta":{"footnotes":""},"categories":[33],"tags":[],"class_list":["post-5379","post","type-post","status-publish","format-standard","has-post-thumbnail","hentry","category-eg"],"_links":{"self":[{"href":"https:\/\/ladepeche.mr\/index.php?rest_route=\/wp\/v2\/posts\/5379","targetHints":{"allow":["GET"]}}],"collection":[{"href":"https:\/\/ladepeche.mr\/index.php?rest_route=\/wp\/v2\/posts"}],"about":[{"href":"https:\/\/ladepeche.mr\/index.php?rest_route=\/wp\/v2\/types\/post"}],"author":[{"embeddable":true,"href":"https:\/\/ladepeche.mr\/index.php?rest_route=\/wp\/v2\/users\/2"}],"replies":[{"embeddable":true,"href":"https:\/\/ladepeche.mr\/index.php?rest_route=%2Fwp%2Fv2%2Fcomments&post=5379"}],"version-history":[{"count":1,"href":"https:\/\/ladepeche.mr\/index.php?rest_route=\/wp\/v2\/posts\/5379\/revisions"}],"predecessor-version":[{"id":5380,"href":"https:\/\/ladepeche.mr\/index.php?rest_route=\/wp\/v2\/posts\/5379\/revisions\/5380"}],"wp:featuredmedia":[{"embeddable":true,"href":"https:\/\/ladepeche.mr\/index.php?rest_route=\/wp\/v2\/media\/5356"}],"wp:attachment":[{"href":"https:\/\/ladepeche.mr\/index.php?rest_route=%2Fwp%2Fv2%2Fmedia&parent=5379"}],"wp:term":[{"taxonomy":"category","embeddable":true,"href":"https:\/\/ladepeche.mr\/index.php?rest_route=%2Fwp%2Fv2%2Fcategories&post=5379"},{"taxonomy":"post_tag","embeddable":true,"href":"https:\/\/ladepeche.mr\/index.php?rest_route=%2Fwp%2Fv2%2Ftags&post=5379"}],"curies":[{"name":"wp","href":"https:\/\/api.w.org\/{rel}","templated":true}]}}