{"id":5382,"date":"2023-04-28T16:19:15","date_gmt":"2023-04-28T16:19:15","guid":{"rendered":"https:\/\/ladepeche.mr\/?p=5382"},"modified":"2023-04-28T16:19:15","modified_gmt":"2023-04-28T16:19:15","slug":"ouverture-de-la-campagne-le-president-de-la-republique-donne-le-ton","status":"publish","type":"post","link":"https:\/\/ladepeche.mr\/?p=5382","title":{"rendered":"Ouverture de la campagne : Le pr\u00e9sident de la R\u00e9publique donne le ton"},"content":{"rendered":"<p>Le Pr\u00e9sident de la R\u00e9publique, Mohamed Ould Cheikh El Ghazouani, a saisi l\u2019ouverture des premi\u00e8res \u00e9lections sous son \u00e9gide pour appeler les partis politiques \u00e0 une saine \u00e9mulation et \u00e0 la protection des acquis d\u00e9mocratiques d\u2019autant, insiste le pr\u00e9sident que ces consultations politiques, \u00ab sont les premi\u00e8res \u00e9lections organis\u00e9es en totale convergence fond\u00e9e sur un consensus \u00e9crit entre toutes les forces politiques autour de leurs r\u00e8gles et de leurs bases de gestion \u00bb. Pour le pr\u00e9sident Ghazouani, ce climat d\u2019apaisement et de convergence de tous les mauritaniens, quelle que soit leur ancrage politique, et leurs contributions au d\u00e9gel de la crispation politique, h\u00e9rit\u00e9e des r\u00e9gimes pr\u00e9c\u00e9dents, dans le respect de la diff\u00e9rence, a \u00e9t\u00e9 un important acquis de ses 3 premi\u00e8res ann\u00e9es au pouvoir. \u201cC\u2019est l\u00e0 un acquis que nous nous devons tous de conserver et de pr\u00e9server\u201d, a recommand\u00e9 le Pr\u00e9sident de la R\u00e9publique.<br \/>\nLe pr\u00e9sident de la R\u00e9publique estime encore que ces \u00e9lections constituent pour le pays une \u00e9tape \u00ab importante de son exp\u00e9rience politique contemporaine\u2026 qui offre au peuple une pleine opportunit\u00e9 de dire son mot et de choisir son administration locale et son pouvoir l\u00e9gislatif comme il avait choisi son pouvoir ex\u00e9cutif en toute libert\u00e9 et transparence\u00bb. Il a, par ailleurs, rappel\u00e9 l\u2019int\u00e9r\u00eat de la prise de conscience politique chez les citoyens pour jouer leur r\u00f4le dans \u00ab l\u2019ancrage de leur exp\u00e9rience d\u00e9mocratique, de l\u2019am\u00e9lioration de leur gouvernance et du renforcement de leur confiance dans leur syst\u00e8me institutionnel \u00bb.<br \/>\nAu plan \u00e9conomique, le pr\u00e9sident a rappel\u00e9 que l\u2019esprit qui a jusqu\u2019ici marqu\u00e9 les mauritaniens aura permis, avec le soutien des partenaires du pays, de rendre le pays plus fort et plus r\u00e9silient face \u00e0 des chocs internationaux comme il aurait permis de pr\u00e9server \u00ab les \u00e9quilibres macro\u00e9conomiques \u00e0 travers la stabilisation du cours de change, la maitrise de l\u2019inflation et le r\u00e8glement du casse-t\u00eate de la dette, pr\u00e9cisant que le pays \u00e9largit et diversifie continuellement les filets de s\u00e9curit\u00e9 sociale et renforce sa s\u00e9curit\u00e9 alimentaire en \u0153uvrant pour l\u2019atteinte de l\u2019autosuffisance alimentaire. <\/p>\n","protected":false},"excerpt":{"rendered":"<p>Le Pr\u00e9sident de la R\u00e9publique, Mohamed Ould Cheikh El Ghazouani, a saisi l\u2019ouverture des premi\u00e8res \u00e9lections sous son \u00e9gide pour appeler les partis politiques \u00e0 une saine \u00e9mulation et \u00e0 la protection des acquis d\u00e9mocratiques d\u2019autant, insiste le pr\u00e9sident que ces consultations politiques, \u00ab sont les premi\u00e8res \u00e9lections organis\u00e9es en totale convergence fond\u00e9e sur un &hellip;<\/p>\n","protected":false},"author":2,"featured_media":4864,"comment_status":"open","ping_status":"open","sticky":false,"template":"","format":"standard","meta":{"footnotes":""},"categories":[18,33],"tags":[],"class_list":["post-5382","post","type-post","status-publish","format-standard","has-post-thumbnail","hentry","category-actualites","category-eg"],"_links":{"self":[{"href":"https:\/\/ladepeche.mr\/index.php?rest_route=\/wp\/v2\/posts\/5382","targetHints":{"allow":["GET"]}}],"collection":[{"href":"https:\/\/ladepeche.mr\/index.php?rest_route=\/wp\/v2\/posts"}],"about":[{"href":"https:\/\/ladepeche.mr\/index.php?rest_route=\/wp\/v2\/types\/post"}],"author":[{"embeddable":true,"href":"https:\/\/ladepeche.mr\/index.php?rest_route=\/wp\/v2\/users\/2"}],"replies":[{"embeddable":true,"href":"https:\/\/ladepeche.mr\/index.php?rest_route=%2Fwp%2Fv2%2Fcomments&post=5382"}],"version-history":[{"count":1,"href":"https:\/\/ladepeche.mr\/index.php?rest_route=\/wp\/v2\/posts\/5382\/revisions"}],"predecessor-version":[{"id":5383,"href":"https:\/\/ladepeche.mr\/index.php?rest_route=\/wp\/v2\/posts\/5382\/revisions\/5383"}],"wp:featuredmedia":[{"embeddable":true,"href":"https:\/\/ladepeche.mr\/index.php?rest_route=\/wp\/v2\/media\/4864"}],"wp:attachment":[{"href":"https:\/\/ladepeche.mr\/index.php?rest_route=%2Fwp%2Fv2%2Fmedia&parent=5382"}],"wp:term":[{"taxonomy":"category","embeddable":true,"href":"https:\/\/ladepeche.mr\/index.php?rest_route=%2Fwp%2Fv2%2Fcategories&post=5382"},{"taxonomy":"post_tag","embeddable":true,"href":"https:\/\/ladepeche.mr\/index.php?rest_route=%2Fwp%2Fv2%2Ftags&post=5382"}],"curies":[{"name":"wp","href":"https:\/\/api.w.org\/{rel}","templated":true}]}}