{"id":5395,"date":"2023-04-29T13:08:43","date_gmt":"2023-04-29T13:08:43","guid":{"rendered":"https:\/\/ladepeche.mr\/?p=5395"},"modified":"2023-04-29T23:34:06","modified_gmt":"2023-04-29T23:34:06","slug":"economie-la-zfn-bientot-demantelee-maire-sortant","status":"publish","type":"post","link":"https:\/\/ladepeche.mr\/?p=5395","title":{"rendered":"Economie: La ZFN bient\u00f4t d\u00e9mantel\u00e9e (maire sortant)"},"content":{"rendered":"<p>Le maire sortant de Nouadhibou, et candidat \u00e0 sa propre succession, Ghassem Ould Bellali, a soutenu, \u00e0 l&#8217;ouverture officielle de la campagne \u00e9lectorale \u00e0 Nouadhibou, vendredi, que le d\u00e9mantelement de la Zone Franche de Nouadhibou, serait &#8220;imminent&#8221;.<br \/>\nLe maire sortant assure, par ailleurs, que les autorit\u00e9s politiques ont pris les dispositions l\u00e9gales n\u00e9cessaires (d\u00e9cret et loi) qui n&#8217;attendraient plus que la premi\u00e8re session de la future assembl\u00e9e nationale, issue des \u00e9lections l\u00e9gislatives en cours, pour dissoudre cette structure. Le candidat du parti &#8220;Karama&#8221; soutient que cette implosion consacrera le retour de certains services financiers et sociaux sous le giron de la commune qui lui permettront de mieux s&#8217;en occuper.<br \/>\nUne loi (n\u00b0 2013-001 du 02 Janvier 2013) est \u00e0 l&#8217;origine de la cr\u00e9ation de ZFN promue comme une zone de d\u00e9veloppement \u00e9conomique prioritaire mais sa gestion et le client\u00e9lisme y pr\u00e9valant ont vid\u00e9 l&#8217;institution, devenue un gouffre financier, de son essence malgr\u00e9 d&#8217;\u00e9normes financements consentis par l&#8217;Etat sans toutefois en assurer l&#8217;objectif principal.<\/p>\n","protected":false},"excerpt":{"rendered":"<p>Le maire sortant de Nouadhibou, et candidat \u00e0 sa propre succession, Ghassem Ould Bellali, a soutenu, \u00e0 l&#8217;ouverture officielle de la campagne \u00e9lectorale \u00e0 Nouadhibou, vendredi, que le d\u00e9mantelement de la Zone Franche de Nouadhibou, serait &#8220;imminent&#8221;. Le maire sortant assure, par ailleurs, que les autorit\u00e9s politiques ont pris les dispositions l\u00e9gales n\u00e9cessaires (d\u00e9cret et &hellip;<\/p>\n","protected":false},"author":2,"featured_media":5396,"comment_status":"open","ping_status":"open","sticky":false,"template":"","format":"standard","meta":{"footnotes":""},"categories":[18,2,33],"tags":[],"class_list":["post-5395","post","type-post","status-publish","format-standard","has-post-thumbnail","hentry","category-actualites","category-economie","category-eg"],"_links":{"self":[{"href":"https:\/\/ladepeche.mr\/index.php?rest_route=\/wp\/v2\/posts\/5395","targetHints":{"allow":["GET"]}}],"collection":[{"href":"https:\/\/ladepeche.mr\/index.php?rest_route=\/wp\/v2\/posts"}],"about":[{"href":"https:\/\/ladepeche.mr\/index.php?rest_route=\/wp\/v2\/types\/post"}],"author":[{"embeddable":true,"href":"https:\/\/ladepeche.mr\/index.php?rest_route=\/wp\/v2\/users\/2"}],"replies":[{"embeddable":true,"href":"https:\/\/ladepeche.mr\/index.php?rest_route=%2Fwp%2Fv2%2Fcomments&post=5395"}],"version-history":[{"count":3,"href":"https:\/\/ladepeche.mr\/index.php?rest_route=\/wp\/v2\/posts\/5395\/revisions"}],"predecessor-version":[{"id":5407,"href":"https:\/\/ladepeche.mr\/index.php?rest_route=\/wp\/v2\/posts\/5395\/revisions\/5407"}],"wp:featuredmedia":[{"embeddable":true,"href":"https:\/\/ladepeche.mr\/index.php?rest_route=\/wp\/v2\/media\/5396"}],"wp:attachment":[{"href":"https:\/\/ladepeche.mr\/index.php?rest_route=%2Fwp%2Fv2%2Fmedia&parent=5395"}],"wp:term":[{"taxonomy":"category","embeddable":true,"href":"https:\/\/ladepeche.mr\/index.php?rest_route=%2Fwp%2Fv2%2Fcategories&post=5395"},{"taxonomy":"post_tag","embeddable":true,"href":"https:\/\/ladepeche.mr\/index.php?rest_route=%2Fwp%2Fv2%2Ftags&post=5395"}],"curies":[{"name":"wp","href":"https:\/\/api.w.org\/{rel}","templated":true}]}}