{"id":5398,"date":"2023-04-29T13:37:47","date_gmt":"2023-04-29T13:37:47","guid":{"rendered":"https:\/\/ladepeche.mr\/?p=5398"},"modified":"2023-04-30T11:20:02","modified_gmt":"2023-04-30T11:20:02","slug":"economie-une-mission-de-la-bm-chez-le-ministre-des-finances","status":"publish","type":"post","link":"https:\/\/ladepeche.mr\/?p=5398","title":{"rendered":"Economie- Une mission de la BM chez le ministre des finances"},"content":{"rendered":"<p>A quelques jours, \u00e0 peine, de ses r\u00e9unions du printemps avec ses partenaires y compris les autorit\u00e9s mauritaniennes,  la Banque Mondiale a d\u00e9p\u00each\u00e9 \u00e0 Nouakchott, une mission de suivi conduite par Abede Adugna, directeur r\u00e9gional du secteur croissance, \u00e9quitable, finances et institutions \u00e0 la banque mondiale.<\/p>\n<p>La mission a \u00e9t\u00e9 re\u00e7ue, \u00e0 son bureau, par le ministre des finances, Isselmou Ould Mohamed M\u2019Bady. M\u00eame si rien n&#8217;a encore filtr\u00e9 sur les d\u00e9tails de l&#8217;entrevue entre les deux parties, les \u00e9changes auraient port\u00e9 sur le suivi des discussions engag\u00e9es, lors des r\u00e9unions de printemps avec la BM et le Fmi, notamment au sujet &#8220;de questions macro\u00e9conomiques, de la dette et de l\u2019\u00e9nergie&#8221; indique-t-on officiellement. La dette de notre pays a \u00e9t\u00e9 reclass\u00e9e &#8220;mod\u00e9r\u00e9e&#8221; en 2022. Elle a \u00e9galement b\u00e9n\u00e9fici\u00e9 de fonds additionnels annonc\u00e9s \u00e0 l&#8217;issue des r\u00e9unions des bailleurs de fonds du Fmi et de la BM. <\/p>\n<p>La BM dispose d&#8217;un important portefeuille de projets ex\u00e9cut\u00e9s en Mauritanie et qui avait fait l&#8217;objet, en octobre 2022, d&#8217;une \u00e9valuation conjointe.<\/p>\n","protected":false},"excerpt":{"rendered":"<p>A quelques jours, \u00e0 peine, de ses r\u00e9unions du printemps avec ses partenaires y compris les autorit\u00e9s mauritaniennes, la Banque Mondiale a d\u00e9p\u00each\u00e9 \u00e0 Nouakchott, une mission de suivi conduite par Abede Adugna, directeur r\u00e9gional du secteur croissance, \u00e9quitable, finances et institutions \u00e0 la banque mondiale. La mission a \u00e9t\u00e9 re\u00e7ue, \u00e0 son bureau, par &hellip;<\/p>\n","protected":false},"author":2,"featured_media":5399,"comment_status":"open","ping_status":"open","sticky":false,"template":"","format":"standard","meta":{"footnotes":""},"categories":[18,2],"tags":[],"class_list":["post-5398","post","type-post","status-publish","format-standard","has-post-thumbnail","hentry","category-actualites","category-economie"],"_links":{"self":[{"href":"https:\/\/ladepeche.mr\/index.php?rest_route=\/wp\/v2\/posts\/5398","targetHints":{"allow":["GET"]}}],"collection":[{"href":"https:\/\/ladepeche.mr\/index.php?rest_route=\/wp\/v2\/posts"}],"about":[{"href":"https:\/\/ladepeche.mr\/index.php?rest_route=\/wp\/v2\/types\/post"}],"author":[{"embeddable":true,"href":"https:\/\/ladepeche.mr\/index.php?rest_route=\/wp\/v2\/users\/2"}],"replies":[{"embeddable":true,"href":"https:\/\/ladepeche.mr\/index.php?rest_route=%2Fwp%2Fv2%2Fcomments&post=5398"}],"version-history":[{"count":2,"href":"https:\/\/ladepeche.mr\/index.php?rest_route=\/wp\/v2\/posts\/5398\/revisions"}],"predecessor-version":[{"id":5420,"href":"https:\/\/ladepeche.mr\/index.php?rest_route=\/wp\/v2\/posts\/5398\/revisions\/5420"}],"wp:featuredmedia":[{"embeddable":true,"href":"https:\/\/ladepeche.mr\/index.php?rest_route=\/wp\/v2\/media\/5399"}],"wp:attachment":[{"href":"https:\/\/ladepeche.mr\/index.php?rest_route=%2Fwp%2Fv2%2Fmedia&parent=5398"}],"wp:term":[{"taxonomy":"category","embeddable":true,"href":"https:\/\/ladepeche.mr\/index.php?rest_route=%2Fwp%2Fv2%2Fcategories&post=5398"},{"taxonomy":"post_tag","embeddable":true,"href":"https:\/\/ladepeche.mr\/index.php?rest_route=%2Fwp%2Fv2%2Ftags&post=5398"}],"curies":[{"name":"wp","href":"https:\/\/api.w.org\/{rel}","templated":true}]}}