{"id":5401,"date":"2023-04-29T14:13:29","date_gmt":"2023-04-29T14:13:29","guid":{"rendered":"https:\/\/ladepeche.mr\/?p=5401"},"modified":"2023-04-29T14:15:11","modified_gmt":"2023-04-29T14:15:11","slug":"le-parti-islah-lancement-de-la-campagne-sous-le-signe-du-soutien-a-laction-du-president-ghazaouani","status":"publish","type":"post","link":"https:\/\/ladepeche.mr\/?p=5401","title":{"rendered":"Le parti Islah : Lancement de la campagne sous le signe du soutien \u00e0 l&#8217;action du pr\u00e9sident Ghazaouani"},"content":{"rendered":"<p>C&#8217;est sous le signe du soutien \u00e0 la r\u00e9alisation des promesses politiques du pr\u00e9sident Ghazaounai que le parti &#8220;Islah&#8221;, membre de la Majorit\u00e9 pr\u00e9sidentielle, a inaugur\u00e9, vendredi \u00e0 0h00, \u00e0 son si\u00e8ge, dans la moughataa du Ksar \u00e0 Nouakchott, sa campagne \u00e9lectorale pour les \u00e9lections l\u00e9gislatives et municipales pr\u00e9vues le 13 mai 2023.<\/p>\n<p>Le discours inaugural a \u00e9t\u00e9 prononc\u00e9 par son pr\u00e9sident, Me Mohamed Ould Talebna. Le pr\u00e9sident du parti &#8220;Islah&#8221; a martel\u00e9 que son parti s&#8217;inscrit \u00e0 fond dans le soutien des engagements du pr\u00e9sident de la R\u00e9publique, Mohamed Ould Ghazaouani, &#8220;dans sa recherche effr\u00e9n\u00e9e&#8221; pour la pr\u00e9valence d&#8217;un \u00c9tat de droit, d\u2019institutions d\u00e9mocratiques et de bonne gouvernance afin de lutter efficacement contre la corruption et le sous-d\u00e9veloppement dans le but d&#8217;am\u00e9liorer les conditions de vue de tous les mauritaniens.<br \/>\nLe pr\u00e9sident du parti &#8220;Islah&#8221; a encore soulign\u00e9 l&#8217;engagement de son parti \u00e0 aider \u00e0 l&#8217;av\u00e8nement de la justice sociale \u00e0 laquelle le pr\u00e9sident Ghazaouni consacre son programme politique. Il a enfin estim\u00e9 que le meilleur soutien que l&#8217;on pourrait apporter dans ce sens et de proposer aux mauritaniens des candidats propres et qui traduiront, une fois \u00e9lus, sur le terrain les aspirations de justice, d&#8217;\u00e9galit\u00e9 et d&#8217;\u00e9quit\u00e9 entre les mauritaniens, sans exclusive.<\/p>\n<p>Le parti \u00abIslah \u00bb a pr\u00e9sent\u00e9 des candidatures dans 33 circonscriptions \u00e9lectorales parmi lesquelles les circonscriptions \u00e9lectorales o\u00f9 la proportionnelle est en vigueur. <\/p>\n","protected":false},"excerpt":{"rendered":"<p>C&#8217;est sous le signe du soutien \u00e0 la r\u00e9alisation des promesses politiques du pr\u00e9sident Ghazaounai que le parti &#8220;Islah&#8221;, membre de la Majorit\u00e9 pr\u00e9sidentielle, a inaugur\u00e9, vendredi \u00e0 0h00, \u00e0 son si\u00e8ge, dans la moughataa du Ksar \u00e0 Nouakchott, sa campagne \u00e9lectorale pour les \u00e9lections l\u00e9gislatives et municipales pr\u00e9vues le 13 mai 2023. Le discours &hellip;<\/p>\n","protected":false},"author":2,"featured_media":5402,"comment_status":"open","ping_status":"open","sticky":false,"template":"","format":"standard","meta":{"footnotes":""},"categories":[33],"tags":[],"class_list":["post-5401","post","type-post","status-publish","format-standard","has-post-thumbnail","hentry","category-eg"],"_links":{"self":[{"href":"https:\/\/ladepeche.mr\/index.php?rest_route=\/wp\/v2\/posts\/5401","targetHints":{"allow":["GET"]}}],"collection":[{"href":"https:\/\/ladepeche.mr\/index.php?rest_route=\/wp\/v2\/posts"}],"about":[{"href":"https:\/\/ladepeche.mr\/index.php?rest_route=\/wp\/v2\/types\/post"}],"author":[{"embeddable":true,"href":"https:\/\/ladepeche.mr\/index.php?rest_route=\/wp\/v2\/users\/2"}],"replies":[{"embeddable":true,"href":"https:\/\/ladepeche.mr\/index.php?rest_route=%2Fwp%2Fv2%2Fcomments&post=5401"}],"version-history":[{"count":3,"href":"https:\/\/ladepeche.mr\/index.php?rest_route=\/wp\/v2\/posts\/5401\/revisions"}],"predecessor-version":[{"id":5405,"href":"https:\/\/ladepeche.mr\/index.php?rest_route=\/wp\/v2\/posts\/5401\/revisions\/5405"}],"wp:featuredmedia":[{"embeddable":true,"href":"https:\/\/ladepeche.mr\/index.php?rest_route=\/wp\/v2\/media\/5402"}],"wp:attachment":[{"href":"https:\/\/ladepeche.mr\/index.php?rest_route=%2Fwp%2Fv2%2Fmedia&parent=5401"}],"wp:term":[{"taxonomy":"category","embeddable":true,"href":"https:\/\/ladepeche.mr\/index.php?rest_route=%2Fwp%2Fv2%2Fcategories&post=5401"},{"taxonomy":"post_tag","embeddable":true,"href":"https:\/\/ladepeche.mr\/index.php?rest_route=%2Fwp%2Fv2%2Ftags&post=5401"}],"curies":[{"name":"wp","href":"https:\/\/api.w.org\/{rel}","templated":true}]}}