{"id":5424,"date":"2023-05-01T14:23:18","date_gmt":"2023-05-01T14:23:18","guid":{"rendered":"https:\/\/ladepeche.mr\/?p=5424"},"modified":"2023-05-01T14:27:56","modified_gmt":"2023-05-01T14:27:56","slug":"5424","status":"publish","type":"post","link":"https:\/\/ladepeche.mr\/?p=5424","title":{"rendered":"Approvisionnement en eau de Kiffa : O.M. Kane \u00e0 Abu Dhabi pour signer une convention de financement avec le DG Fonds d&#8217;Abou Dhabi pour le D\u00e9veloppement"},"content":{"rendered":"<p>Le souci des populations de Kiffa, et des villes avoisinantes, pourrait ne plus \u00eatre qu\u2019un douloureux vieux souvenir avec la poursuite de mobilisation par le gouvernement des financements n\u00e9cessaires pour le m\u00e9ga projet d\u2019adduction d\u2019eau potable de la r\u00e9gion \u00e0 partir du fleuve S\u00e9n\u00e9gal.<br \/>\nC\u2019est \u00e0 cet effet, en tout cas, que le ministre des Affaires \u00e9conomiques et de la Promotion des secteurs productifs, Ousman Mamodo Kane, s\u2019est envol\u00e9 de Nouakchott dimanche, apr\u00e8s-midi,  en direction d\u2019Abu Dhabi, Emirats Arabes Unis, pour formaliser une convention de financement avec le fonds d\u2019Abu Dhabi pour le d\u00e9veloppement entrant dans le cadre de ce projet o\u00f9 interviennent simultan\u00e9ment, en plus de la contribution apport\u00e9e par l\u2019Etat, 6 bailleurs de fonds comme le FADES ou encore le Fonds de l\u2019Opep.<br \/>\nLe projet a d\u00e9j\u00e0 connu un d\u00e9but d\u2019ex\u00e9cution avec le recrutement, sur fonds du Fonds saoudien de d\u00e9veloppement, autre bailleur du projet, de l\u2019ing\u00e9nieur conseil pour le suivi d\u2019ex\u00e9cution du projet portant sur la construction d\u2019une adduction \u00e0 partir du fleuve S\u00e9n\u00e9gal, d\u2019une station de traitement d\u2019une capacit\u00e9 maximale de 50.000 m\u00b3\/jour couvrant les horizons du projet jusqu\u2019\u00e0 2050, trois stations principales de pompage d\u2019eau et trois r\u00e9servoirs principaux<br \/>\nAu programme de ce voyage du MAEPSP, O.M. Kane, des r\u00e9unions avec les hauts responsables du Fonds d&#8217;Abu Dhabi pour le D\u00e9veloppement, et la signature avec le Directeur G\u00e9n\u00e9ral du Fonds d&#8217;Abou Dhabi pour le D\u00e9veloppement de ladite de financement pour l\u2019approvisionnement de la ville de Kiffa et environs.<br \/>\nLe projet d\u2019approvisionnement approuv\u00e9 par l\u2019assembl\u00e9e nationale, le 8 d\u00e9cembre 2022, est d\u2019un co\u00fbt global de 320 millions USD.<\/p>\n","protected":false},"excerpt":{"rendered":"<p>Le souci des populations de Kiffa, et des villes avoisinantes, pourrait ne plus \u00eatre qu\u2019un douloureux vieux souvenir avec la poursuite de mobilisation par le gouvernement des financements n\u00e9cessaires pour le m\u00e9ga projet d\u2019adduction d\u2019eau potable de la r\u00e9gion \u00e0 partir du fleuve S\u00e9n\u00e9gal. C\u2019est \u00e0 cet effet, en tout cas, que le ministre des &hellip;<\/p>\n","protected":false},"author":2,"featured_media":5427,"comment_status":"open","ping_status":"open","sticky":false,"template":"","format":"standard","meta":{"footnotes":""},"categories":[18,2],"tags":[],"class_list":["post-5424","post","type-post","status-publish","format-standard","has-post-thumbnail","hentry","category-actualites","category-economie"],"_links":{"self":[{"href":"https:\/\/ladepeche.mr\/index.php?rest_route=\/wp\/v2\/posts\/5424","targetHints":{"allow":["GET"]}}],"collection":[{"href":"https:\/\/ladepeche.mr\/index.php?rest_route=\/wp\/v2\/posts"}],"about":[{"href":"https:\/\/ladepeche.mr\/index.php?rest_route=\/wp\/v2\/types\/post"}],"author":[{"embeddable":true,"href":"https:\/\/ladepeche.mr\/index.php?rest_route=\/wp\/v2\/users\/2"}],"replies":[{"embeddable":true,"href":"https:\/\/ladepeche.mr\/index.php?rest_route=%2Fwp%2Fv2%2Fcomments&post=5424"}],"version-history":[{"count":3,"href":"https:\/\/ladepeche.mr\/index.php?rest_route=\/wp\/v2\/posts\/5424\/revisions"}],"predecessor-version":[{"id":5428,"href":"https:\/\/ladepeche.mr\/index.php?rest_route=\/wp\/v2\/posts\/5424\/revisions\/5428"}],"wp:featuredmedia":[{"embeddable":true,"href":"https:\/\/ladepeche.mr\/index.php?rest_route=\/wp\/v2\/media\/5427"}],"wp:attachment":[{"href":"https:\/\/ladepeche.mr\/index.php?rest_route=%2Fwp%2Fv2%2Fmedia&parent=5424"}],"wp:term":[{"taxonomy":"category","embeddable":true,"href":"https:\/\/ladepeche.mr\/index.php?rest_route=%2Fwp%2Fv2%2Fcategories&post=5424"},{"taxonomy":"post_tag","embeddable":true,"href":"https:\/\/ladepeche.mr\/index.php?rest_route=%2Fwp%2Fv2%2Ftags&post=5424"}],"curies":[{"name":"wp","href":"https:\/\/api.w.org\/{rel}","templated":true}]}}