{"id":5435,"date":"2023-05-02T14:51:13","date_gmt":"2023-05-02T14:51:13","guid":{"rendered":"https:\/\/ladepeche.mr\/?p=5435"},"modified":"2023-05-02T16:41:24","modified_gmt":"2023-05-02T16:41:24","slug":"elections-biram-dah-abeid-condamne-la-manipulation-des-medias-publics-contre-lui","status":"publish","type":"post","link":"https:\/\/ladepeche.mr\/?p=5435","title":{"rendered":"Elections : Biram Dah Abeid condamne la \u00ab manipulation \u00bb des m\u00e9dias publics contre lui"},"content":{"rendered":"<p>Le d\u00e9put\u00e9 sortant, pr\u00e9sident d\u2019Ira-Mauritanie, a condamn\u00e9, dans un audio largement partag\u00e9, mardi 2 avril 2023, \u00e0 la veille de la journ\u00e9e internationale de la presse, ce qu\u2019il consid\u00e8re comme une manipulation des m\u00e9dias publics contre \u00abla paix sociale \u00bb \u00e0 la suite d\u2019un incident impliquant \u00e0 Atar un reporter de la T\u00e9l\u00e9vision nationale \u00abEl Mouritanya\u00bb.<br \/>\nL\u2019incident, selon le d\u00e9put\u00e9 sortant qui dit avoir saisi le pr\u00e9sident de la Haute Autorit\u00e9 de la Presse et de l\u2019Audiovisuel (HAPA), Houssein Ould Meddou, qu\u2019il a vivement critiqu\u00e9 pour \u00ab sa posture \u00bb, se rapporte \u00e0 \u00abl\u2019arrachage\u00bb du micro de la T\u00e9l\u00e9vision pendant qu\u2019il discourait dans le cadre de la campagne \u00e9lectorale \u00e0 Atar. Selon lui, apr\u00e8s cet incident, l\u2019\u00e9quipe de la t\u00e9l\u00e9vision (qui aurait re\u00e7u un appel t\u00e9l\u00e9phonique dans ce sens) aurait m\u00eame voulu arracher la sonorisation dans \u00ab un geste de provocation \u00bb explique Biram Dah Abeid. \u00ab Le but ultime \u00bb de cet acte serait \u00ab d\u2019inciter \u00e0 des coups et blessures \u00bb croit savoir le d\u00e9put\u00e9 Sawab sortant. Il a, \u00e0 ce sujet, regrett\u00e9 le mutisme des m\u00e9dias \u00absi prompts \u00e0 sortir des communiqu\u00e9s le condamnant\u00bb face \u00e0 ce qu\u2019il estime \u00eatre un \u00ab geste d\u00e9lib\u00e9r\u00e9 \u00bb t\u00e9l\u00e9command\u00e9 par des sph\u00e8res du pouvoir en place contre lui \u00e0 travers les m\u00e9dias publics qu&#8217;il accuse d&#8217;\u00eatre des &#8220;nids d&#8217;espions&#8221; au profit des autorit\u00e9s politiques. Il s&#8217;en est \u00e9galement pris \u00e0 la Ceni pour son inertie face \u00e0 cet incident.<br \/>\nLe pr\u00e9sident d\u2019Ira-Mauritanie a encore accus\u00e9 le ministre de l\u2019int\u00e9rieur de fomenter des projets \u00ab attentant \u00bb \u00e0 sa vie avec les risques d\u2019implosion sociale que cela pourrait susciter dans le pays. Il a enfin exhort\u00e9 le pr\u00e9sident Ghazaouni \u00e0 reprendre \u00ab les choses en main pendant qu\u2019il en est encore temps \u00bb.<\/p>\n","protected":false},"excerpt":{"rendered":"<p>Le d\u00e9put\u00e9 sortant, pr\u00e9sident d\u2019Ira-Mauritanie, a condamn\u00e9, dans un audio largement partag\u00e9, mardi 2 avril 2023, \u00e0 la veille de la journ\u00e9e internationale de la presse, ce qu\u2019il consid\u00e8re comme une manipulation des m\u00e9dias publics contre \u00abla paix sociale \u00bb \u00e0 la suite d\u2019un incident impliquant \u00e0 Atar un reporter de la T\u00e9l\u00e9vision nationale \u00abEl &hellip;<\/p>\n","protected":false},"author":2,"featured_media":5171,"comment_status":"open","ping_status":"open","sticky":false,"template":"","format":"standard","meta":{"footnotes":""},"categories":[18,33],"tags":[],"class_list":["post-5435","post","type-post","status-publish","format-standard","has-post-thumbnail","hentry","category-actualites","category-eg"],"_links":{"self":[{"href":"https:\/\/ladepeche.mr\/index.php?rest_route=\/wp\/v2\/posts\/5435","targetHints":{"allow":["GET"]}}],"collection":[{"href":"https:\/\/ladepeche.mr\/index.php?rest_route=\/wp\/v2\/posts"}],"about":[{"href":"https:\/\/ladepeche.mr\/index.php?rest_route=\/wp\/v2\/types\/post"}],"author":[{"embeddable":true,"href":"https:\/\/ladepeche.mr\/index.php?rest_route=\/wp\/v2\/users\/2"}],"replies":[{"embeddable":true,"href":"https:\/\/ladepeche.mr\/index.php?rest_route=%2Fwp%2Fv2%2Fcomments&post=5435"}],"version-history":[{"count":7,"href":"https:\/\/ladepeche.mr\/index.php?rest_route=\/wp\/v2\/posts\/5435\/revisions"}],"predecessor-version":[{"id":5446,"href":"https:\/\/ladepeche.mr\/index.php?rest_route=\/wp\/v2\/posts\/5435\/revisions\/5446"}],"wp:featuredmedia":[{"embeddable":true,"href":"https:\/\/ladepeche.mr\/index.php?rest_route=\/wp\/v2\/media\/5171"}],"wp:attachment":[{"href":"https:\/\/ladepeche.mr\/index.php?rest_route=%2Fwp%2Fv2%2Fmedia&parent=5435"}],"wp:term":[{"taxonomy":"category","embeddable":true,"href":"https:\/\/ladepeche.mr\/index.php?rest_route=%2Fwp%2Fv2%2Fcategories&post=5435"},{"taxonomy":"post_tag","embeddable":true,"href":"https:\/\/ladepeche.mr\/index.php?rest_route=%2Fwp%2Fv2%2Ftags&post=5435"}],"curies":[{"name":"wp","href":"https:\/\/api.w.org\/{rel}","templated":true}]}}