{"id":5440,"date":"2023-05-02T16:36:39","date_gmt":"2023-05-02T16:36:39","guid":{"rendered":"https:\/\/ladepeche.mr\/?p=5440"},"modified":"2023-05-02T16:47:43","modified_gmt":"2023-05-02T16:47:43","slug":"aep-de-kiffa-eau-la-mauritanie-obtient-un-financement-de-30-millions-usd-des-emirats","status":"publish","type":"post","link":"https:\/\/ladepeche.mr\/?p=5440","title":{"rendered":"AEP de Kiffa: la Mauritanie obtient un financement de 30 millions USD des \u00c9mirats"},"content":{"rendered":"<p>Le ministre mauritanien des affaires \u00e9conomiques et de la promotion des secteurs productifs, O.M.Kane, a co-sign\u00e9 mardi, \u00e0 Abu Dhabi, avec Mohamed Seif Sueidi, directeur g\u00e9n\u00e9ral du Fonds d\u2019Abu Dhabi pour le d\u00e9veloppement une convention de financement d\u2019un montant de 30 millions USD, participation du FAD \u00e0 la r\u00e9alisation d\u2019une adduction d\u2019eau potable pour la ville de Kiffa et les villes situ\u00e9es sur le trac\u00e9 de l\u2019adduction depuis Gouraye.<br \/>\nSix principaux partenaires de la Mauritanie ont d\u00e9cid\u00e9 de s\u2019unir pour mobiliser un fonds de 320 millions usd n\u00e9cessaire pour acheminer l\u2019eau depuis le fleuve S\u00e9n\u00e9gal vers ces r\u00e9gions de l\u2019int\u00e9rieur du pays dont notamment Hassi Chagar, Ould Yeng\u00e9 et Kankossa, <\/p>\n","protected":false},"excerpt":{"rendered":"<p>Le ministre mauritanien des affaires \u00e9conomiques et de la promotion des secteurs productifs, O.M.Kane, a co-sign\u00e9 mardi, \u00e0 Abu Dhabi, avec Mohamed Seif Sueidi, directeur g\u00e9n\u00e9ral du Fonds d\u2019Abu Dhabi pour le d\u00e9veloppement une convention de financement d\u2019un montant de 30 millions USD, participation du FAD \u00e0 la r\u00e9alisation d\u2019une adduction d\u2019eau potable pour la &hellip;<\/p>\n","protected":false},"author":2,"featured_media":5441,"comment_status":"open","ping_status":"open","sticky":false,"template":"","format":"standard","meta":{"footnotes":""},"categories":[18,2],"tags":[],"class_list":["post-5440","post","type-post","status-publish","format-standard","has-post-thumbnail","hentry","category-actualites","category-economie"],"_links":{"self":[{"href":"https:\/\/ladepeche.mr\/index.php?rest_route=\/wp\/v2\/posts\/5440","targetHints":{"allow":["GET"]}}],"collection":[{"href":"https:\/\/ladepeche.mr\/index.php?rest_route=\/wp\/v2\/posts"}],"about":[{"href":"https:\/\/ladepeche.mr\/index.php?rest_route=\/wp\/v2\/types\/post"}],"author":[{"embeddable":true,"href":"https:\/\/ladepeche.mr\/index.php?rest_route=\/wp\/v2\/users\/2"}],"replies":[{"embeddable":true,"href":"https:\/\/ladepeche.mr\/index.php?rest_route=%2Fwp%2Fv2%2Fcomments&post=5440"}],"version-history":[{"count":3,"href":"https:\/\/ladepeche.mr\/index.php?rest_route=\/wp\/v2\/posts\/5440\/revisions"}],"predecessor-version":[{"id":5447,"href":"https:\/\/ladepeche.mr\/index.php?rest_route=\/wp\/v2\/posts\/5440\/revisions\/5447"}],"wp:featuredmedia":[{"embeddable":true,"href":"https:\/\/ladepeche.mr\/index.php?rest_route=\/wp\/v2\/media\/5441"}],"wp:attachment":[{"href":"https:\/\/ladepeche.mr\/index.php?rest_route=%2Fwp%2Fv2%2Fmedia&parent=5440"}],"wp:term":[{"taxonomy":"category","embeddable":true,"href":"https:\/\/ladepeche.mr\/index.php?rest_route=%2Fwp%2Fv2%2Fcategories&post=5440"},{"taxonomy":"post_tag","embeddable":true,"href":"https:\/\/ladepeche.mr\/index.php?rest_route=%2Fwp%2Fv2%2Ftags&post=5440"}],"curies":[{"name":"wp","href":"https:\/\/api.w.org\/{rel}","templated":true}]}}