{"id":5478,"date":"2023-05-04T13:23:32","date_gmt":"2023-05-04T13:23:32","guid":{"rendered":"https:\/\/ladepeche.mr\/?p=5478"},"modified":"2023-05-04T13:40:12","modified_gmt":"2023-05-04T13:40:12","slug":"mauritanie-armees-distinction-le-president-decore-les-unites-militaires-impliquees-dans-la-traque-et-la-neutralisation-des-terroristes","status":"publish","type":"post","link":"https:\/\/ladepeche.mr\/?p=5478","title":{"rendered":"Mauritanie-Arm\u00e9es-Distinctions : Le pr\u00e9sident d\u00e9core les unit\u00e9s militaires impliqu\u00e9es dans la neutralisation des terroristes \u00e9vad\u00e9s"},"content":{"rendered":"<p>Le pr\u00e9sident de la R\u00e9publique, commandant supr\u00eame des forces arm\u00e9es, a d\u00e9cor\u00e9, mercredi, de la m\u00e9daille de la valeur militaire \u00e0 citation de l\u2019ordre de la Nation les unit\u00e9s militaires impliqu\u00e9es dans la traque et la neutralisation, en mars dernier, des terroristes \u00e9vad\u00e9s de la prison civile de Nouakchott.<br \/>\nPlusieurs corps et institutions militaires ont ainsi \u00e9t\u00e9 d\u00e9cor\u00e9s, en pr\u00e9sence de membres du gouvernement dont le ministre de la d\u00e9fense, Hanena Ould Sidi, du Chef d\u2019\u00e9tat-major g\u00e9n\u00e9ral des arm\u00e9es, Mokhtar Bolla Chaabane, et de repr\u00e9sentants de partis politiques et de la soci\u00e9t\u00e9 civile, pour leur r\u00f4le dans cette op\u00e9ration anti-terroriste qu\u2019elles ont men\u00e9e de concert et avec professionnalisme. Il s\u2019agit de l\u2019\u00c9cole d\u2019Aviation Militaire, le Groupement de Riposte Rapide, de Surveillance et d\u2019Intervention N\u00b01 de la Gendarmerie Nationale, et le 1er bataillon de commandos parachutistes \u2018\u2019Saika\u2019\u2019 et les parachutistes de l\u2019arm\u00e9e nationale, et de la base a\u00e9rienne de transport de Nouakchott.<br \/>\nLe 5 mars 2023, quatre prisonniers condamn\u00e9s pour terrorisme s&#8217;\u00e9vadent de la prison civile de Nouakchott tuant deux \u00e9l\u00e9ments de la garde nationale. Une traque est lanc\u00e9e sur leurs trousses. Ils seront rep\u00e9r\u00e9s et neutralis\u00e9s en Adar lors d&#8217;un accrochage o\u00f9 3 des terroristes sont abattus. Les forces arm\u00e9es perdent un des leurs dans cette op\u00e9ration. <\/p>\n","protected":false},"excerpt":{"rendered":"<p>Le pr\u00e9sident de la R\u00e9publique, commandant supr\u00eame des forces arm\u00e9es, a d\u00e9cor\u00e9, mercredi, de la m\u00e9daille de la valeur militaire \u00e0 citation de l\u2019ordre de la Nation les unit\u00e9s militaires impliqu\u00e9es dans la traque et la neutralisation, en mars dernier, des terroristes \u00e9vad\u00e9s de la prison civile de Nouakchott. Plusieurs corps et institutions militaires ont &hellip;<\/p>\n","protected":false},"author":2,"featured_media":5479,"comment_status":"open","ping_status":"open","sticky":false,"template":"","format":"standard","meta":{"footnotes":""},"categories":[18],"tags":[],"class_list":["post-5478","post","type-post","status-publish","format-standard","has-post-thumbnail","hentry","category-actualites"],"_links":{"self":[{"href":"https:\/\/ladepeche.mr\/index.php?rest_route=\/wp\/v2\/posts\/5478","targetHints":{"allow":["GET"]}}],"collection":[{"href":"https:\/\/ladepeche.mr\/index.php?rest_route=\/wp\/v2\/posts"}],"about":[{"href":"https:\/\/ladepeche.mr\/index.php?rest_route=\/wp\/v2\/types\/post"}],"author":[{"embeddable":true,"href":"https:\/\/ladepeche.mr\/index.php?rest_route=\/wp\/v2\/users\/2"}],"replies":[{"embeddable":true,"href":"https:\/\/ladepeche.mr\/index.php?rest_route=%2Fwp%2Fv2%2Fcomments&post=5478"}],"version-history":[{"count":7,"href":"https:\/\/ladepeche.mr\/index.php?rest_route=\/wp\/v2\/posts\/5478\/revisions"}],"predecessor-version":[{"id":5486,"href":"https:\/\/ladepeche.mr\/index.php?rest_route=\/wp\/v2\/posts\/5478\/revisions\/5486"}],"wp:featuredmedia":[{"embeddable":true,"href":"https:\/\/ladepeche.mr\/index.php?rest_route=\/wp\/v2\/media\/5479"}],"wp:attachment":[{"href":"https:\/\/ladepeche.mr\/index.php?rest_route=%2Fwp%2Fv2%2Fmedia&parent=5478"}],"wp:term":[{"taxonomy":"category","embeddable":true,"href":"https:\/\/ladepeche.mr\/index.php?rest_route=%2Fwp%2Fv2%2Fcategories&post=5478"},{"taxonomy":"post_tag","embeddable":true,"href":"https:\/\/ladepeche.mr\/index.php?rest_route=%2Fwp%2Fv2%2Ftags&post=5478"}],"curies":[{"name":"wp","href":"https:\/\/api.w.org\/{rel}","templated":true}]}}