{"id":5492,"date":"2023-05-05T22:04:27","date_gmt":"2023-05-05T22:04:27","guid":{"rendered":"https:\/\/ladepeche.mr\/?p=5492"},"modified":"2023-05-05T22:04:27","modified_gmt":"2023-05-05T22:04:27","slug":"washington-le-president-de-la-cndh-me-ahmed-salem-bouhoubeyni-recu-par-la-sous-secretaire-detat-americaine-a-la-democratie-aux-droits-de-lhomme-uzra-zeya","status":"publish","type":"post","link":"https:\/\/ladepeche.mr\/?p=5492","title":{"rendered":"Washington : Le pr\u00e9sident de la CNDH, Me Ahmed Salem Bouhoubeyni, re\u00e7u par la sous-secr\u00e9taire d&#8217;\u00c9tat am\u00e9ricaine \u00e0 la d\u00e9mocratie aux droits de l&#8217;homme, Uzra Zeya"},"content":{"rendered":"<p>Le pr\u00e9sident de la Commission nationale des droits de l&#8217;homme en Mauritanie, Ahmed Salem Ould Bouhoubeyni, a appel\u00e9 les autorit\u00e9s am\u00e9ricaines, lors d&#8217;une r\u00e9union avec la sous-secr\u00e9taire d&#8217;\u00c9tat am\u00e9ricaine \u00e0 la d\u00e9mocratie aux droits de l&#8217;homme, Uzra Zeya, \u00e0 un partenariat efficace pour faire progresser les droits de l&#8217;homme dans son pays.<br \/>\nLors de la r\u00e9union qui s&#8217;est tenue, jeudi, au si\u00e8ge du d\u00e9partement d&#8217;\u00c9tat am\u00e9ricain \u00e0 Washington, D.C., Me Bouhoubeyni a soulign\u00e9 la n\u00e9cessit\u00e9 d\u2019accompagner les efforts positifs d\u00e9ploy\u00e9s dans son pays et \u00e0 les encourager \u00e0 travers le raffermissement de la coop\u00e9ration et en assurant les programmes d&#8217;\u00e9changes les deux pays. Me Bouhoubeyni a expliqu\u00e9 que son pays fond beaucoup d\u2019espoirs sur le soutien des \u00c9tats-Unis pour surmonter les d\u00e9fis en mati\u00e8re des droits de l&#8217;homme dans le pays.<br \/>\nCe plaidoyer du pr\u00e9sident de la CNDH a \u00e9t\u00e9 men\u00e9 en pr\u00e9sence de SE Mme Ciss\u00e9 Mint Beida, notre ambassadrice aux USA, entour\u00e9e de ses collaborateurs, et de la directrice du Bureau des affaires africaines sur la d\u00e9mocratie, les droits de l&#8217;homme et le travail au D\u00e9partement d&#8217;\u00c9tat am\u00e9ricain, ainsi que du directeur adjoint du Bureau de la traite des \u00eatres humains.<br \/>\nLe pr\u00e9sident de la CNDH a entam\u00e9 depuis quelques jours une visite d\u2019explication et de sensibilisation des autorit\u00e9s am\u00e9ricaines en pr\u00e9vision de la publication prochaine du rapport US 2023 sur la traite des \u00eatres humains. Il avait, rappelle-t-on, engag\u00e9, dans une pr\u00e9c\u00e9dente \u00e9tape, des discussions \u00e0 la Maison Blanche avec des responsables emmen\u00e9s par Matteo Petit, directeur des affaires africaines dans l&#8217;administration Biden, en pr\u00e9sence de la directrice charg\u00e9 de la Mauritanie au d\u00e9partement d&#8217;Etat am\u00e9ricain, Allison Cleary.<\/p>\n","protected":false},"excerpt":{"rendered":"<p>Le pr\u00e9sident de la Commission nationale des droits de l&#8217;homme en Mauritanie, Ahmed Salem Ould Bouhoubeyni, a appel\u00e9 les autorit\u00e9s am\u00e9ricaines, lors d&#8217;une r\u00e9union avec la sous-secr\u00e9taire d&#8217;\u00c9tat am\u00e9ricaine \u00e0 la d\u00e9mocratie aux droits de l&#8217;homme, Uzra Zeya, \u00e0 un partenariat efficace pour faire progresser les droits de l&#8217;homme dans son pays. Lors de la &hellip;<\/p>\n","protected":false},"author":2,"featured_media":5493,"comment_status":"open","ping_status":"open","sticky":false,"template":"","format":"standard","meta":{"footnotes":""},"categories":[18],"tags":[],"class_list":["post-5492","post","type-post","status-publish","format-standard","has-post-thumbnail","hentry","category-actualites"],"_links":{"self":[{"href":"https:\/\/ladepeche.mr\/index.php?rest_route=\/wp\/v2\/posts\/5492","targetHints":{"allow":["GET"]}}],"collection":[{"href":"https:\/\/ladepeche.mr\/index.php?rest_route=\/wp\/v2\/posts"}],"about":[{"href":"https:\/\/ladepeche.mr\/index.php?rest_route=\/wp\/v2\/types\/post"}],"author":[{"embeddable":true,"href":"https:\/\/ladepeche.mr\/index.php?rest_route=\/wp\/v2\/users\/2"}],"replies":[{"embeddable":true,"href":"https:\/\/ladepeche.mr\/index.php?rest_route=%2Fwp%2Fv2%2Fcomments&post=5492"}],"version-history":[{"count":1,"href":"https:\/\/ladepeche.mr\/index.php?rest_route=\/wp\/v2\/posts\/5492\/revisions"}],"predecessor-version":[{"id":5494,"href":"https:\/\/ladepeche.mr\/index.php?rest_route=\/wp\/v2\/posts\/5492\/revisions\/5494"}],"wp:featuredmedia":[{"embeddable":true,"href":"https:\/\/ladepeche.mr\/index.php?rest_route=\/wp\/v2\/media\/5493"}],"wp:attachment":[{"href":"https:\/\/ladepeche.mr\/index.php?rest_route=%2Fwp%2Fv2%2Fmedia&parent=5492"}],"wp:term":[{"taxonomy":"category","embeddable":true,"href":"https:\/\/ladepeche.mr\/index.php?rest_route=%2Fwp%2Fv2%2Fcategories&post=5492"},{"taxonomy":"post_tag","embeddable":true,"href":"https:\/\/ladepeche.mr\/index.php?rest_route=%2Fwp%2Fv2%2Ftags&post=5492"}],"curies":[{"name":"wp","href":"https:\/\/api.w.org\/{rel}","templated":true}]}}