{"id":5495,"date":"2023-05-05T22:09:46","date_gmt":"2023-05-05T22:09:46","guid":{"rendered":"https:\/\/ladepeche.mr\/?p=5495"},"modified":"2023-05-05T22:09:46","modified_gmt":"2023-05-05T22:09:46","slug":"intronisation-du-roi-charles-iii-depart-du-president-de-la-republique-pour-la-grande-bretagne","status":"publish","type":"post","link":"https:\/\/ladepeche.mr\/?p=5495","title":{"rendered":"Intronisation du Roi Charles III : D\u00e9part du Pr\u00e9sident de la R\u00e9publique pour la Grande Bretagne"},"content":{"rendered":"<p>Le Pr\u00e9sident de la R\u00e9publique, Son Excellence Monsieur Mohamed Ould Cheikh El Ghazouani a quitt\u00e9 Nouakchott ce vendredi pour la Grande Bretagne O\u00f9 il assistera aux c\u00e9r\u00e9monies d\u2019intronisation du Roi Charles III.<br \/>\nLe Pr\u00e9sident de la R\u00e9publique a \u00e9t\u00e9 salu\u00e9 \u00e0 son d\u00e9part de l\u2019a\u00e9roport international de Nouakchott \u201cOum Tounsi\u201d par le Premier ministre, M. Mohamed Bilal Messoud, le ministre secr\u00e9taire g\u00e9n\u00e9ral de la Pr\u00e9sidence de la R\u00e9publique, la ministre conseill\u00e8re \u00e0 la Pr\u00e9sidence de la R\u00e9publique, des membres du gouvernement, le chef d\u2019\u00e9tat-major particulier du Pr\u00e9sident de la R\u00e9publique, le wali de Nouakchott ouest et le pr\u00e9sidente de la r\u00e9gion de Nouakchott.<br \/>\nLe Pr\u00e9sident de la R\u00e9publique est accompagn\u00e9 par une importante d\u00e9l\u00e9gation comprenant :<br \/>\nM- Ismail Ould Cheikh Ahmed, directeur de cabinet du Pr\u00e9sident de la R\u00e9publique<br \/>\nSEM-Sidya El Hadj, ambassadeur de Mauritanie en Grande Bretagne<br \/>\nM-El Hassen Ould Ahmed, directeur g\u00e9n\u00e9ral du protocole d\u2019\u00c9tat<br \/>\nAmi<\/p>\n","protected":false},"excerpt":{"rendered":"<p>Le Pr\u00e9sident de la R\u00e9publique, Son Excellence Monsieur Mohamed Ould Cheikh El Ghazouani a quitt\u00e9 Nouakchott ce vendredi pour la Grande Bretagne O\u00f9 il assistera aux c\u00e9r\u00e9monies d\u2019intronisation du Roi Charles III. Le Pr\u00e9sident de la R\u00e9publique a \u00e9t\u00e9 salu\u00e9 \u00e0 son d\u00e9part de l\u2019a\u00e9roport international de Nouakchott \u201cOum Tounsi\u201d par le Premier ministre, M. &hellip;<\/p>\n","protected":false},"author":2,"featured_media":5496,"comment_status":"open","ping_status":"open","sticky":false,"template":"","format":"standard","meta":{"footnotes":""},"categories":[18,29],"tags":[],"class_list":["post-5495","post","type-post","status-publish","format-standard","has-post-thumbnail","hentry","category-actualites","category-monde"],"_links":{"self":[{"href":"https:\/\/ladepeche.mr\/index.php?rest_route=\/wp\/v2\/posts\/5495","targetHints":{"allow":["GET"]}}],"collection":[{"href":"https:\/\/ladepeche.mr\/index.php?rest_route=\/wp\/v2\/posts"}],"about":[{"href":"https:\/\/ladepeche.mr\/index.php?rest_route=\/wp\/v2\/types\/post"}],"author":[{"embeddable":true,"href":"https:\/\/ladepeche.mr\/index.php?rest_route=\/wp\/v2\/users\/2"}],"replies":[{"embeddable":true,"href":"https:\/\/ladepeche.mr\/index.php?rest_route=%2Fwp%2Fv2%2Fcomments&post=5495"}],"version-history":[{"count":1,"href":"https:\/\/ladepeche.mr\/index.php?rest_route=\/wp\/v2\/posts\/5495\/revisions"}],"predecessor-version":[{"id":5497,"href":"https:\/\/ladepeche.mr\/index.php?rest_route=\/wp\/v2\/posts\/5495\/revisions\/5497"}],"wp:featuredmedia":[{"embeddable":true,"href":"https:\/\/ladepeche.mr\/index.php?rest_route=\/wp\/v2\/media\/5496"}],"wp:attachment":[{"href":"https:\/\/ladepeche.mr\/index.php?rest_route=%2Fwp%2Fv2%2Fmedia&parent=5495"}],"wp:term":[{"taxonomy":"category","embeddable":true,"href":"https:\/\/ladepeche.mr\/index.php?rest_route=%2Fwp%2Fv2%2Fcategories&post=5495"},{"taxonomy":"post_tag","embeddable":true,"href":"https:\/\/ladepeche.mr\/index.php?rest_route=%2Fwp%2Fv2%2Ftags&post=5495"}],"curies":[{"name":"wp","href":"https:\/\/api.w.org\/{rel}","templated":true}]}}