{"id":5498,"date":"2023-05-06T09:52:22","date_gmt":"2023-05-06T09:52:22","guid":{"rendered":"https:\/\/ladepeche.mr\/?p=5498"},"modified":"2023-05-06T09:53:19","modified_gmt":"2023-05-06T09:53:19","slug":"mali-le-referendum-constitutionnel-se-tiendra-le-18-juin","status":"publish","type":"post","link":"https:\/\/ladepeche.mr\/?p=5498","title":{"rendered":"Mali : Le r\u00e9f\u00e9rendum constitutionnel se tiendra le 18 juin"},"content":{"rendered":"<p>Le r\u00e9f\u00e9rendum sur la nouvelle constitution initialement pr\u00e9vu pour le 19 mars 2023 aura finalement lieu le 18 juin prochain, soit trois mois plus tard. C\u2019est le Pr\u00e9sident de la Transition du Mali, le Colonel Assimi Go\u00efta qui a annonc\u00e9 ce chronogramme dans un d\u00e9cret lu \u00e0 la t\u00e9l\u00e9vision nationale par le porte-parole du gouvernement, le Colonel Abdoulaye Ma\u00efga.<\/p>\n<p>Le coll\u00e8ge \u00e9lectoral est convoqu\u00e9 le dimanche 18 juin 2023 sur toute l\u2019\u00e9tendue du territoire national et dans les missions diplomatiques et consulaires du Mali \u00e0 l\u2019effet de se prononcer sur le projet de constitution. Les membres des forces de d\u00e9fense et de s\u00e9curit\u00e9 se rendront aux urnes par anticipation une semaine avant les citoyens, le dimanche 11 juin.<br \/>\nLes Maliens sont invit\u00e9s \u00e0 r\u00e9pondre par oui ou non, \u00e0 la question suivante : approuvez-vous le projet de constitution ?<\/p>\n<blockquote class=\"wp-embedded-content\" data-secret=\"h1fC6DXjs6\"><p><a href=\"https:\/\/afrimag.net\/mali-le-referendum-constitutionnel-se-tiendra-le-18-juin\/\">Mali : Le r\u00e9f\u00e9rendum constitutionnel se tiendra le 18 juin<\/a><\/p><\/blockquote>\n<p><iframe loading=\"lazy\" class=\"wp-embedded-content\" sandbox=\"allow-scripts\" security=\"restricted\" style=\"position: absolute; clip: rect(1px, 1px, 1px, 1px);\" title=\"\u00ab\u00a0Mali : Le r\u00e9f\u00e9rendum constitutionnel se tiendra le 18 juin\u00a0\u00bb &#8212; Afrimag\" src=\"https:\/\/afrimag.net\/mali-le-referendum-constitutionnel-se-tiendra-le-18-juin\/embed\/#?secret=Fy9AHBqOvb#?secret=h1fC6DXjs6\" data-secret=\"h1fC6DXjs6\" width=\"500\" height=\"282\" frameborder=\"0\" marginwidth=\"0\" marginheight=\"0\" scrolling=\"no\"><\/iframe><\/p>\n","protected":false},"excerpt":{"rendered":"<p>Le r\u00e9f\u00e9rendum sur la nouvelle constitution initialement pr\u00e9vu pour le 19 mars 2023 aura finalement lieu le 18 juin prochain, soit trois mois plus tard. C\u2019est le Pr\u00e9sident de la Transition du Mali, le Colonel Assimi Go\u00efta qui a annonc\u00e9 ce chronogramme dans un d\u00e9cret lu \u00e0 la t\u00e9l\u00e9vision nationale par le porte-parole du gouvernement, &hellip;<\/p>\n","protected":false},"author":2,"featured_media":1162,"comment_status":"open","ping_status":"open","sticky":false,"template":"","format":"standard","meta":{"footnotes":""},"categories":[18,29,28],"tags":[],"class_list":["post-5498","post","type-post","status-publish","format-standard","has-post-thumbnail","hentry","category-actualites","category-monde","category-sahel"],"_links":{"self":[{"href":"https:\/\/ladepeche.mr\/index.php?rest_route=\/wp\/v2\/posts\/5498","targetHints":{"allow":["GET"]}}],"collection":[{"href":"https:\/\/ladepeche.mr\/index.php?rest_route=\/wp\/v2\/posts"}],"about":[{"href":"https:\/\/ladepeche.mr\/index.php?rest_route=\/wp\/v2\/types\/post"}],"author":[{"embeddable":true,"href":"https:\/\/ladepeche.mr\/index.php?rest_route=\/wp\/v2\/users\/2"}],"replies":[{"embeddable":true,"href":"https:\/\/ladepeche.mr\/index.php?rest_route=%2Fwp%2Fv2%2Fcomments&post=5498"}],"version-history":[{"count":1,"href":"https:\/\/ladepeche.mr\/index.php?rest_route=\/wp\/v2\/posts\/5498\/revisions"}],"predecessor-version":[{"id":5499,"href":"https:\/\/ladepeche.mr\/index.php?rest_route=\/wp\/v2\/posts\/5498\/revisions\/5499"}],"wp:featuredmedia":[{"embeddable":true,"href":"https:\/\/ladepeche.mr\/index.php?rest_route=\/wp\/v2\/media\/1162"}],"wp:attachment":[{"href":"https:\/\/ladepeche.mr\/index.php?rest_route=%2Fwp%2Fv2%2Fmedia&parent=5498"}],"wp:term":[{"taxonomy":"category","embeddable":true,"href":"https:\/\/ladepeche.mr\/index.php?rest_route=%2Fwp%2Fv2%2Fcategories&post=5498"},{"taxonomy":"post_tag","embeddable":true,"href":"https:\/\/ladepeche.mr\/index.php?rest_route=%2Fwp%2Fv2%2Ftags&post=5498"}],"curies":[{"name":"wp","href":"https:\/\/api.w.org\/{rel}","templated":true}]}}