{"id":5504,"date":"2023-05-06T13:37:05","date_gmt":"2023-05-06T13:37:05","guid":{"rendered":"https:\/\/ladepeche.mr\/?p=5504"},"modified":"2023-05-07T22:48:30","modified_gmt":"2023-05-07T22:48:30","slug":"municipalites-meeting-de-el-insaf-a-nouadhibou-derniere-ligne-droite-avant-le-scrutin","status":"publish","type":"post","link":"https:\/\/ladepeche.mr\/?p=5504","title":{"rendered":"Municipalit\u00e9s- Meeting de \u00abEl Insaf\u00bb \u00e0 Nouadhibou : Derni\u00e8re ligne droite avant le scrutin"},"content":{"rendered":"<p>C\u2019est, sans doute, dans notre capitale \u00e9conomique que les contradictions politiques sont parmi les plus intenses pendant cette campagne \u00e9lectorale en vue des \u00e9lections g\u00e9n\u00e9rales pr\u00e9vues le 13 mai 2023.<br \/>\nUne bipolarisation du d\u00e9bat entre le candidat du parti \u00abEl Insaf \u00bb et celui de \u00abEl Karama \u00bb domine toute la campagne et rel\u00e8gue les autres candidats -sans pr\u00e9juger des r\u00e9sultats du scrutin- \u00e0 jouer les seconds r\u00f4les ; tant les divergences entre les deux premiers sont exacerb\u00e9s. Mais c&#8217;est particuli\u00e8rement l\u2019int\u00e9r\u00eat pour s\u2019arroger le gouvernail de la mairie de la capitale \u00e9conomique qui fait remonter \u00e0 la surface les vieux d\u00e9mons des r\u00e8glements de compte inaugur\u00e9s par le maire sortant, Ghassem Ould Bellali (El Karama), au premier jour de la campagne, s\u2019attaquant \u00e0 l\u2019ancien pr\u00e9sident de l\u2019Assembl\u00e9e Cheikh Ould Baya, venu en renfort au candidat &#8220;El Insaf&#8221; \u00e0 la mairie, Ahmed Ould Khatri. Malgr\u00e9 35 listes candidates pour les mairies de Nouadhibou, celle de Nouadhibou-ville int\u00e9ressent l\u2019\u00e9crasante majorit\u00e9 des 66.423 \u00e9lecteurs. Et c&#8217;est pour elle que l&#8217;engouement ici est le plus apparent.<br \/>\nLa campagne \u00e9lectorale amorce son dernier virage, cette semaine et les antagonismes entre ces deux p\u00f4les n\u2019en sont que plus marqu\u00e9s. Le sprint avant le scrutin est donc engag\u00e9 pour qui franchira la ligne d\u2019arriv\u00e9e le premier. A cet effet, le parti \u00ab El Insaf \u00bb pr\u00e9pare cette apr\u00e8s-midi un meeting qui, malgr\u00e9 la finale de la Copa del Rey (les nouadhibois sont des mordus du foot), devraient drainer une mobilisation de ses \u00e9lecteurs avec le show promis par Mouna Mint Dendeni et Hamzo Bryn.<br \/>\nLe candidat Ahmed Ould Khattri, que le maire sortant n\u2019a pas, non plus, m\u00e9nag\u00e9 dans son discours inaugural, parait plus serein et mesur\u00e9 dans ses propos se contentant de d\u00e9rouler son programme \u00e9lectoral et au besoin r\u00e9pondre aux attaques port\u00e9es contre lui par son principal adversaire.<br \/>\nParadoxalement, les sorties intempestives du maire-sortant focalis\u00e9es contre le candidat de \u00ab El Insaf\u00bb et ses soutiens, comme ce fut le cas aussi avec le pr\u00e9sident de la FFRIM, suscitent une surchauffe de l\u2019ambiance \u00e9lectrique qui pr\u00e9vaut actuellement. Les piques intentionnellement inamicales lanc\u00e9es pendant la campagne enveniment d\u2019une situation d\u00e9j\u00e0 r\u00e9pulsive entre les deux camps.<br \/>\nA suivre\u2026de pr\u00e8s<br \/>\nA Nouadhibou<br \/>\nJedna DEIDA<\/p>\n","protected":false},"excerpt":{"rendered":"<p>C\u2019est, sans doute, dans notre capitale \u00e9conomique que les contradictions politiques sont parmi les plus intenses pendant cette campagne \u00e9lectorale en vue des \u00e9lections g\u00e9n\u00e9rales pr\u00e9vues le 13 mai 2023. Une bipolarisation du d\u00e9bat entre le candidat du parti \u00abEl Insaf \u00bb et celui de \u00abEl Karama \u00bb domine toute la campagne et rel\u00e8gue les &hellip;<\/p>\n","protected":false},"author":2,"featured_media":5505,"comment_status":"open","ping_status":"open","sticky":false,"template":"","format":"standard","meta":{"footnotes":""},"categories":[18,33],"tags":[],"class_list":["post-5504","post","type-post","status-publish","format-standard","has-post-thumbnail","hentry","category-actualites","category-eg"],"_links":{"self":[{"href":"https:\/\/ladepeche.mr\/index.php?rest_route=\/wp\/v2\/posts\/5504","targetHints":{"allow":["GET"]}}],"collection":[{"href":"https:\/\/ladepeche.mr\/index.php?rest_route=\/wp\/v2\/posts"}],"about":[{"href":"https:\/\/ladepeche.mr\/index.php?rest_route=\/wp\/v2\/types\/post"}],"author":[{"embeddable":true,"href":"https:\/\/ladepeche.mr\/index.php?rest_route=\/wp\/v2\/users\/2"}],"replies":[{"embeddable":true,"href":"https:\/\/ladepeche.mr\/index.php?rest_route=%2Fwp%2Fv2%2Fcomments&post=5504"}],"version-history":[{"count":7,"href":"https:\/\/ladepeche.mr\/index.php?rest_route=\/wp\/v2\/posts\/5504\/revisions"}],"predecessor-version":[{"id":5524,"href":"https:\/\/ladepeche.mr\/index.php?rest_route=\/wp\/v2\/posts\/5504\/revisions\/5524"}],"wp:featuredmedia":[{"embeddable":true,"href":"https:\/\/ladepeche.mr\/index.php?rest_route=\/wp\/v2\/media\/5505"}],"wp:attachment":[{"href":"https:\/\/ladepeche.mr\/index.php?rest_route=%2Fwp%2Fv2%2Fmedia&parent=5504"}],"wp:term":[{"taxonomy":"category","embeddable":true,"href":"https:\/\/ladepeche.mr\/index.php?rest_route=%2Fwp%2Fv2%2Fcategories&post=5504"},{"taxonomy":"post_tag","embeddable":true,"href":"https:\/\/ladepeche.mr\/index.php?rest_route=%2Fwp%2Fv2%2Ftags&post=5504"}],"curies":[{"name":"wp","href":"https:\/\/api.w.org\/{rel}","templated":true}]}}