{"id":5512,"date":"2023-05-07T12:49:17","date_gmt":"2023-05-07T12:49:17","guid":{"rendered":"https:\/\/ladepeche.mr\/?p=5512"},"modified":"2023-05-07T12:49:17","modified_gmt":"2023-05-07T12:49:17","slug":"communique-ajay-banga-deviendra-le-14e-president-de-la-banque-mondiale","status":"publish","type":"post","link":"https:\/\/ladepeche.mr\/?p=5512","title":{"rendered":"Communiqu\u00e9: Ajay Banga deviendra le 14e pr\u00e9sident de la Banque mondiale"},"content":{"rendered":"<p>WASHINGTON, 3 mai 2023 \u2013 Les Administrateurs de la Banque mondiale ont d\u00e9cid\u00e9 aujourd\u2019hui de nommer Ajay Banga \u00e0 la t\u00eate de l\u2019institution pour un mandat de cinq ans commen\u00e7ant le 2 juin 2023.<\/p>\n<p>Ajay Banga \u00e9tait derni\u00e8rement vice-pr\u00e9sident de General Atlantic. Il avait auparavant occup\u00e9 le poste de pr\u00e9sident-directeur g\u00e9n\u00e9ral de Mastercard, organisation d\u2019envergure mondiale comptant pr\u00e8s de 24 000 employ\u00e9s qui, sous sa direction, a \u00e9tabli le Center for Inclusive Growth dans le but de promouvoir une croissance \u00e9conomique \u00e9quitable et durable et l\u2019inclusion financi\u00e8re dans le monde entier. Il \u00e9tait \u00e9galement pr\u00e9sident honoraire de la Chambre de commerce internationale, qu\u2019il a dirig\u00e9e de 2020 \u00e0 2022, et membre du Conseil consultatif du fonds d\u2019investissement climatique de General Atlantic, BeyondNetZero, depuis sa cr\u00e9ation en 2021. Il a aussi \u00e9t\u00e9 copr\u00e9sident du Partnership for Central America, coalition d\u2019organisations priv\u00e9es visant \u00e0 am\u00e9liorer les perspectives \u00e9conomiques des populations d\u00e9favoris\u00e9es d\u2019El Salvador, du Guatemala et du Honduras. Il avait ant\u00e9rieurement si\u00e9g\u00e9 aux conseils d\u2019administration de la Croix-Rouge am\u00e9ricaine, de Kraft Foods et de Dow Inc.<\/p>\n<p>M. Banga est le cofondateur du Cyber Readiness Institute et a \u00e9t\u00e9 vice-pr\u00e9sident de l\u2019Economic Club of New York. Apr\u00e8s avoir re\u00e7u la m\u00e9daille de la Foreign Policy Association en 2012, il s\u2019est vu d\u00e9cerner en 2016 la d\u00e9coration Padma Shri par la pr\u00e9sidente indienne. Il a \u00e9galement re\u00e7u plusieurs autres distinctions : Ellis Island Medal of Honor et Global Leadership Award du Business Council for International Understanding en 2019, et Public Service Star (Distinguished Friends of Singapore) en 2021.<\/p>\n<p>Les Administrateurs ont suivi le processus de s\u00e9lection d\u00e9cid\u00e9 par les actionnaires en 2011. Ce processus, con\u00e7u de mani\u00e8re \u00e0 \u00eatre ouvert et transparent et \u00e0 assurer une nomination fond\u00e9e sur le m\u00e9rite, permet \u00e0 chacun des Administrateurs ou Gouverneurs (par l\u2019interm\u00e9diaire de l\u2019Administrateur qui le repr\u00e9sente) de soumettre la candidature de tout ressortissant d\u2019un \u00c9tat membre de la Banque. Au terme de la proc\u00e9dure de nomination, les Administrateurs ont exerc\u00e9 leur devoir de vigilance et ont eu un entretien approfondi avec M. Banga.<\/p>\n<p>Les Administrateurs se r\u00e9jouissent \u00e0 la perspective de collaborer avec M. Banga au processus \u00e9tabli pour assurer l&#8217;\u00e9volution du Groupe de la Banque mondiale (a), qui a \u00e9t\u00e9 examin\u00e9 lors des R\u00e9unions de Printemps d\u2019avril 2023, ainsi qu\u2019\u00e0 tous les programmes et efforts visant \u00e0 surmonter les plus graves obstacles auxquels sont confront\u00e9s les pays en d\u00e9veloppement.<\/p>\n<p>Le pr\u00e9sident du Groupe de la Banque mondiale pr\u00e9side \u00e9galement le Conseil des administrateurs de la Banque internationale pour la reconstruction et le d\u00e9veloppement (BIRD). Il est aussi pr\u00e9sident \u00e8s qualit\u00e9s du Conseil des administrateurs de l\u2019Association internationale de d\u00e9veloppement (IDA), du Conseil d\u2019administration de la Soci\u00e9t\u00e9 financi\u00e8re internationale (IFC), du Conseil d\u2019administration de l\u2019Agence multilat\u00e9rale de garantie des investissements (MIGA) et du Conseil administratif du Centre international pour le r\u00e8glement des diff\u00e9rends relatifs aux investissements (CIRDI).<br \/>\nhttps:\/\/www.banquemondiale.org\/fr\/news\/press-release\/2023\/05\/03\/ajay-banga-selected-14th-president-of-the-world-bank?cid=ECR_E_NewsletterWeekly_FR_EXT&#038;deliveryName=DM181006<\/p>\n","protected":false},"excerpt":{"rendered":"<p>WASHINGTON, 3 mai 2023 \u2013 Les Administrateurs de la Banque mondiale ont d\u00e9cid\u00e9 aujourd\u2019hui de nommer Ajay Banga \u00e0 la t\u00eate de l\u2019institution pour un mandat de cinq ans commen\u00e7ant le 2 juin 2023. Ajay Banga \u00e9tait derni\u00e8rement vice-pr\u00e9sident de General Atlantic. Il avait auparavant occup\u00e9 le poste de pr\u00e9sident-directeur g\u00e9n\u00e9ral de Mastercard, organisation d\u2019envergure &hellip;<\/p>\n","protected":false},"author":2,"featured_media":5513,"comment_status":"open","ping_status":"open","sticky":false,"template":"","format":"standard","meta":{"footnotes":""},"categories":[18,29,19],"tags":[],"class_list":["post-5512","post","type-post","status-publish","format-standard","has-post-thumbnail","hentry","category-actualites","category-monde","category-tribune"],"_links":{"self":[{"href":"https:\/\/ladepeche.mr\/index.php?rest_route=\/wp\/v2\/posts\/5512","targetHints":{"allow":["GET"]}}],"collection":[{"href":"https:\/\/ladepeche.mr\/index.php?rest_route=\/wp\/v2\/posts"}],"about":[{"href":"https:\/\/ladepeche.mr\/index.php?rest_route=\/wp\/v2\/types\/post"}],"author":[{"embeddable":true,"href":"https:\/\/ladepeche.mr\/index.php?rest_route=\/wp\/v2\/users\/2"}],"replies":[{"embeddable":true,"href":"https:\/\/ladepeche.mr\/index.php?rest_route=%2Fwp%2Fv2%2Fcomments&post=5512"}],"version-history":[{"count":1,"href":"https:\/\/ladepeche.mr\/index.php?rest_route=\/wp\/v2\/posts\/5512\/revisions"}],"predecessor-version":[{"id":5514,"href":"https:\/\/ladepeche.mr\/index.php?rest_route=\/wp\/v2\/posts\/5512\/revisions\/5514"}],"wp:featuredmedia":[{"embeddable":true,"href":"https:\/\/ladepeche.mr\/index.php?rest_route=\/wp\/v2\/media\/5513"}],"wp:attachment":[{"href":"https:\/\/ladepeche.mr\/index.php?rest_route=%2Fwp%2Fv2%2Fmedia&parent=5512"}],"wp:term":[{"taxonomy":"category","embeddable":true,"href":"https:\/\/ladepeche.mr\/index.php?rest_route=%2Fwp%2Fv2%2Fcategories&post=5512"},{"taxonomy":"post_tag","embeddable":true,"href":"https:\/\/ladepeche.mr\/index.php?rest_route=%2Fwp%2Fv2%2Ftags&post=5512"}],"curies":[{"name":"wp","href":"https:\/\/api.w.org\/{rel}","templated":true}]}}