{"id":5515,"date":"2023-05-07T13:28:49","date_gmt":"2023-05-07T13:28:49","guid":{"rendered":"https:\/\/ladepeche.mr\/?p=5515"},"modified":"2023-05-07T13:29:01","modified_gmt":"2023-05-07T13:29:01","slug":"elections-2023-activites-tous-azimuts-du-parti-el-islah","status":"publish","type":"post","link":"https:\/\/ladepeche.mr\/?p=5515","title":{"rendered":"Elections 2023 : Activit\u00e9s tous azimuts du parti El-Islah"},"content":{"rendered":"<p>Dans le cadre des activit\u00e9s la campagne \u00e9lectorale en vue des scrutins du 13 mai 2023, le pr\u00e9sident du parti Islah, Mohamed Ould Talebna, a effectu\u00e9 vendredi une tourn\u00e9e d&#8217;inspection pour s\u2019informer du d\u00e9roulement et avanc\u00e9es de la campagne du parti dans les r\u00e9gions de l\u2019Adrar et du Tiris Zemmour.<br \/>\nLe pr\u00e9sident du parti, qui \u00e9tait accompagn\u00e9 lors de la tourn\u00e9e par une d\u00e9l\u00e9gation de la direction du parti, a assist\u00e9 \u00e0 manifestations populaires organis\u00e9es \u00e0 Atar, \u00e0 Tawaz et \u00e0 Choum dans la r\u00e9gion de l\u2019Adrar.<br \/>\nIdem dans la capitale du Tiris Zemmour o\u00f9 le pr\u00e9sident Mohamed Ould Talebna a pr\u00e9sid\u00e9 une grande c\u00e9r\u00e9monie dans la ville ouvri\u00e8re de Zou\u00e9rate, \u00e0 laquelle ont assist\u00e9 les candidats du parti et une foule de ses partisans. La manifestation a \u00e9t\u00e9 marqu\u00e9e par une marche des militants et sympathisants du parti qui scandaient des des slogans \u00e0 l\u2019effigie du parti et ainsi que les portraits des candidats de la formation.<br \/>\nLe parti a, par ailleurs, organis\u00e9 une soir\u00e9e \u00e9lectorale vendredi soir \u00e0 Bir Mighrein, au cours de laquelle les grandes lignes des programmes des candidats ont \u00e9t\u00e9 pr\u00e9sent\u00e9es. La soir\u00e9e a \u00e9t\u00e9 \u00e9gay\u00e9e de prestations musicales et de danses folkloriques.<br \/>\nAlors la campagne entre dans sa deuxi\u00e8me semaine, plusieurs activit\u00e9s de campagne du parti ont \u00e9t\u00e9 men\u00e9es \u00e0 Nouakchott et dans certaines villes de l&#8217;int\u00e9rieur. C\u2019est ainsi que des veill\u00e9es \u00e9lectorales ont \u00e9t\u00e9 organis\u00e9es \u00e0 Toujnine et que des pr\u00e9paratifs sont en cours pour organiser deux manifestations simultan\u00e9es samedi soir \u00e0 El Mina et Teyarett. En parall\u00e8le, le parti a organis\u00e9 une s\u00e9rie soir\u00e9es \u00e9lectorales pendant le week-end, \u00e0 N\u00e9ma, Tintan et Tidjikja. D\u2019autres manifestations sont \u00e9galement pr\u00e9vues R\u2019Kiz, Boutilimitt et Ka\u00e9di. Il a \u00e9galement \u00e9t\u00e9 d\u00e9cid\u00e9 d&#8217;organiser des activit\u00e9s similaires \u00e0 Oued-Naga et Benichab, auxquelles assistera le pr\u00e9sident du parti.<\/p>\n","protected":false},"excerpt":{"rendered":"<p>Dans le cadre des activit\u00e9s la campagne \u00e9lectorale en vue des scrutins du 13 mai 2023, le pr\u00e9sident du parti Islah, Mohamed Ould Talebna, a effectu\u00e9 vendredi une tourn\u00e9e d&#8217;inspection pour s\u2019informer du d\u00e9roulement et avanc\u00e9es de la campagne du parti dans les r\u00e9gions de l\u2019Adrar et du Tiris Zemmour. Le pr\u00e9sident du parti, qui &hellip;<\/p>\n","protected":false},"author":2,"featured_media":5516,"comment_status":"open","ping_status":"open","sticky":false,"template":"","format":"standard","meta":{"footnotes":""},"categories":[18,33],"tags":[],"class_list":["post-5515","post","type-post","status-publish","format-standard","has-post-thumbnail","hentry","category-actualites","category-eg"],"_links":{"self":[{"href":"https:\/\/ladepeche.mr\/index.php?rest_route=\/wp\/v2\/posts\/5515","targetHints":{"allow":["GET"]}}],"collection":[{"href":"https:\/\/ladepeche.mr\/index.php?rest_route=\/wp\/v2\/posts"}],"about":[{"href":"https:\/\/ladepeche.mr\/index.php?rest_route=\/wp\/v2\/types\/post"}],"author":[{"embeddable":true,"href":"https:\/\/ladepeche.mr\/index.php?rest_route=\/wp\/v2\/users\/2"}],"replies":[{"embeddable":true,"href":"https:\/\/ladepeche.mr\/index.php?rest_route=%2Fwp%2Fv2%2Fcomments&post=5515"}],"version-history":[{"count":1,"href":"https:\/\/ladepeche.mr\/index.php?rest_route=\/wp\/v2\/posts\/5515\/revisions"}],"predecessor-version":[{"id":5520,"href":"https:\/\/ladepeche.mr\/index.php?rest_route=\/wp\/v2\/posts\/5515\/revisions\/5520"}],"wp:featuredmedia":[{"embeddable":true,"href":"https:\/\/ladepeche.mr\/index.php?rest_route=\/wp\/v2\/media\/5516"}],"wp:attachment":[{"href":"https:\/\/ladepeche.mr\/index.php?rest_route=%2Fwp%2Fv2%2Fmedia&parent=5515"}],"wp:term":[{"taxonomy":"category","embeddable":true,"href":"https:\/\/ladepeche.mr\/index.php?rest_route=%2Fwp%2Fv2%2Fcategories&post=5515"},{"taxonomy":"post_tag","embeddable":true,"href":"https:\/\/ladepeche.mr\/index.php?rest_route=%2Fwp%2Fv2%2Ftags&post=5515"}],"curies":[{"name":"wp","href":"https:\/\/api.w.org\/{rel}","templated":true}]}}