{"id":5521,"date":"2023-05-07T16:58:38","date_gmt":"2023-05-07T16:58:38","guid":{"rendered":"https:\/\/ladepeche.mr\/?p=5521"},"modified":"2023-05-07T16:58:38","modified_gmt":"2023-05-07T16:58:38","slug":"la-ligue-arabe-reintegre-le-regime-syrien-apres-onze-ans-dabsence","status":"publish","type":"post","link":"https:\/\/ladepeche.mr\/?p=5521","title":{"rendered":"La Ligue arabe r\u00e9int\u00e8gre le r\u00e9gime syrien apr\u00e8s onze ans d&#8217;absence"},"content":{"rendered":"<p>Les ministres arabes des Affaires \u00e9trang\u00e8res ont d\u00e9cid\u00e9 ce dimanche, au Caire, de r\u00e9int\u00e9grer le r\u00e9gime syrien \u00e0 la Ligue arabe. Ils l&#8217;avaient \u00e9cart\u00e9 en 2011 pour la r\u00e9pression d&#8217;un soul\u00e8vement populaire ayant d\u00e9g\u00e9n\u00e9r\u00e9 en guerre sanglante.<\/p>\n<p>Les ministres \u00e9taient r\u00e9unis dimanche au si\u00e8ge de la Ligue arabe au Caire pour deux r\u00e9unions extraordinaires sur la guerre au Soudan et la Syrie. Et ils ont vot\u00e9 en faveur du retour de la Syrie au sein de l&#8217;organisation au si\u00e8ge de la Ligue arabe, au Caire, dimanche. \u00ab Les d\u00e9l\u00e9gations du gouvernement de la R\u00e9publique arabe de Syrie si\u00e8geront de nouveau \u00e0 la Ligue arabe \u00bb, indique le texte vot\u00e9 par l&#8217;ensemble des ministres dans une r\u00e9union \u00e0 huis clos au si\u00e8ge de la Ligue arabe au Caire.<\/p>\n<p>L&#8217;adh\u00e9sion de la Syrie \u00e0 la Ligue arabe avait \u00e9t\u00e9 suspendue en 2011 apr\u00e8s la r\u00e9pression sanglante des manifestations contre le pr\u00e9sident Bachar el-Assad.<\/p>\n<p>La d\u00e9cision stipule que la Syrie peut reprendre imm\u00e9diatement sa participation aux r\u00e9unions de la Ligue arabe, tout en appelant \u00e0 une r\u00e9solution de la crise r\u00e9sultant de la guerre civile en Syrie, y compris la fuite des r\u00e9fugi\u00e9s vers les pays voisins et la contrebande de drogue dans la r\u00e9gion.<\/p>\n<p>La d\u00e9cision a \u00e9t\u00e9 prise lors d&#8217;une r\u00e9union \u00e0 huis clos des ministres des Affaires \u00e9trang\u00e8res au si\u00e8ge de la Ligue arabe au Caire, a d\u00e9clar\u00e9 Gamal Roshdy, porte-parole du secr\u00e9taire g\u00e9n\u00e9ral de la Ligue arabe.<\/p>\n<p>Vers une normalisation<br \/>\nLa r\u00e9int\u00e9gration de la Syrie ne s\u2019est pas faite sans objections, souligne notre correspondant au Caire, Alexandre Buccianti. Certains pays ont estim\u00e9 que les causes qui avaient men\u00e9 \u00e0 l\u2019exclusion de la Syrie \u00e9taient toujours l\u00e0. Le Qatar, qui avait \u00e9t\u00e9 le champion de l\u2019exclusion de la Syrie il y a douze ans, a indiqu\u00e9 que la r\u00e9pression sanglante des opposants au r\u00e9gime de Bachar el-Assad se poursuivait.<\/p>\n<p>La Ligue veut donc, comme avant l\u2019exclusion, que le r\u00e9gime syrien amorce une ouverture \u00e0 l\u2019\u00e9gard de l\u2019opposition et s\u2019inscrive dans un processus de dialogue pour une r\u00e9forme politique. Mais ces conditions sont de pure forme puisque presque tous les poids lourds du monde arabe ont plus ou moins normalis\u00e9 leurs relations avec le r\u00e9gime de Damas. C\u2019est notamment le cas de l\u2019\u00c9gypte, si\u00e8ge de la Ligue arabe et pr\u00e9sident de l\u2019actuelle session de l\u2019organisation, et de l\u2019Arabie saoudite, o\u00f9 se tiendra le prochain sommet des chefs d\u2019\u00c9tats arabes le 19 mai.<\/p>\n<p>Bachar el-Assad a b\u00e9n\u00e9fici\u00e9 de l&#8217;\u00e9lan de solidarit\u00e9 mondial apr\u00e8s le tremblement de terre d\u00e9vastateur du 6 f\u00e9vrier, qui a fait des milliers de morts en Turquie et en Syrie.<br \/>\nhttps:\/\/www.rfi.fr\/fr\/moyen-orient\/20230507-la-ligue-arabe-r%C3%A9int%C3%A8gre-le-r%C3%A9gime-syrien-apr%C3%A8s-onze-ans-d-absence?_ope=eyJndWlkIjoiOTMwMjIwNGY3ZmZhNzMxODU0NDI3OTA1ZjdiOTc4NGUifQ%3D%3D<\/p>\n","protected":false},"excerpt":{"rendered":"<p>Les ministres arabes des Affaires \u00e9trang\u00e8res ont d\u00e9cid\u00e9 ce dimanche, au Caire, de r\u00e9int\u00e9grer le r\u00e9gime syrien \u00e0 la Ligue arabe. Ils l&#8217;avaient \u00e9cart\u00e9 en 2011 pour la r\u00e9pression d&#8217;un soul\u00e8vement populaire ayant d\u00e9g\u00e9n\u00e9r\u00e9 en guerre sanglante. Les ministres \u00e9taient r\u00e9unis dimanche au si\u00e8ge de la Ligue arabe au Caire pour deux r\u00e9unions extraordinaires sur &hellip;<\/p>\n","protected":false},"author":2,"featured_media":5522,"comment_status":"open","ping_status":"open","sticky":false,"template":"","format":"standard","meta":{"footnotes":""},"categories":[18,29],"tags":[],"class_list":["post-5521","post","type-post","status-publish","format-standard","has-post-thumbnail","hentry","category-actualites","category-monde"],"_links":{"self":[{"href":"https:\/\/ladepeche.mr\/index.php?rest_route=\/wp\/v2\/posts\/5521","targetHints":{"allow":["GET"]}}],"collection":[{"href":"https:\/\/ladepeche.mr\/index.php?rest_route=\/wp\/v2\/posts"}],"about":[{"href":"https:\/\/ladepeche.mr\/index.php?rest_route=\/wp\/v2\/types\/post"}],"author":[{"embeddable":true,"href":"https:\/\/ladepeche.mr\/index.php?rest_route=\/wp\/v2\/users\/2"}],"replies":[{"embeddable":true,"href":"https:\/\/ladepeche.mr\/index.php?rest_route=%2Fwp%2Fv2%2Fcomments&post=5521"}],"version-history":[{"count":1,"href":"https:\/\/ladepeche.mr\/index.php?rest_route=\/wp\/v2\/posts\/5521\/revisions"}],"predecessor-version":[{"id":5523,"href":"https:\/\/ladepeche.mr\/index.php?rest_route=\/wp\/v2\/posts\/5521\/revisions\/5523"}],"wp:featuredmedia":[{"embeddable":true,"href":"https:\/\/ladepeche.mr\/index.php?rest_route=\/wp\/v2\/media\/5522"}],"wp:attachment":[{"href":"https:\/\/ladepeche.mr\/index.php?rest_route=%2Fwp%2Fv2%2Fmedia&parent=5521"}],"wp:term":[{"taxonomy":"category","embeddable":true,"href":"https:\/\/ladepeche.mr\/index.php?rest_route=%2Fwp%2Fv2%2Fcategories&post=5521"},{"taxonomy":"post_tag","embeddable":true,"href":"https:\/\/ladepeche.mr\/index.php?rest_route=%2Fwp%2Fv2%2Ftags&post=5521"}],"curies":[{"name":"wp","href":"https:\/\/api.w.org\/{rel}","templated":true}]}}