{"id":5535,"date":"2023-05-08T14:38:58","date_gmt":"2023-05-08T14:38:58","guid":{"rendered":"https:\/\/ladepeche.mr\/?p=5535"},"modified":"2023-05-08T14:38:58","modified_gmt":"2023-05-08T14:38:58","slug":"renforcer-lengagement-envers-la-democratie","status":"publish","type":"post","link":"https:\/\/ladepeche.mr\/?p=5535","title":{"rendered":"Renforcer l\u2019engagement envers la d\u00e9mocratie."},"content":{"rendered":"<p>La d\u00e9mocratie est un syst\u00e8me de gouvernement .C\u2019est aussi un syst\u00e8me soci\u00e9tal .Elle englobe l\u2019inclusion et l\u2019\u00e9galit\u00e9 et peut favoriser  un environnement qui respecte les droits des citoyens mauritaniens et les libert\u00e9s fondamentales .Cela inclut les d\u00e9cisions sur leur vie .En effet, il n\u2019\u00e9chappe \u00e0 personne que la d\u00e9mocratie m\u00e8ne \u00e0 :une meilleure qualit\u00e9 de vie ;une soci\u00e9t\u00e9 plus \u00e9quitable ;plus \u00e9galitaire  entre les genres ;une plus grande s\u00e9curit\u00e9 et stabilit\u00e9 au niveau national et une voie vers la prosp\u00e9rit\u00e9.<br \/>\nNous voulons que les mauriaciens participent aux processus d\u00e9cisionnels et aux institutions qui ont une incidence sur tous les aspects de leur vie y compris : les femmes dans toute leur diversit\u00e9 ; les jeunes et les groupes vuln\u00e9rables et marginalis\u00e9s.<br \/>\nJe trouve qu\u2019il est n\u00e9cessaire de renforcer les aspects cl\u00e9s qui favorisent notre d\u00e9mocratie mauritanienne \u00e0 savoir: une soci\u00e9t\u00e9 civile forte et dynamique ; des m\u00e9dias ind\u00e9pendants et la libert\u00e9 sur internet : la participation politique et l\u2019inclusion des femmes dans le processus d\u00e9cisionnel ; des assembl\u00e9es l\u00e9gislatives ; des processus \u00e9lectoraux libres, \u00e9quitables ; l\u2019Etat de droit.<br \/>\nLa promotion et la protection des droits des citoyens ; l\u2019engagement civique des jeunes.<br \/>\nJe pense que ces caract\u00e9ristiques favorisent la culture publique d\u2019inclusion .Elle permettent \u00e0 notre soci\u00e9t\u00e9 de rester r\u00e9siliente devant les discours de division et de haine. Les efforts pour promouvoir la gouvernance inclusive contribuent \u00e0 assurer le respect des droits de la personne .Ils renforcent nos conditions publiques n\u00e9cessaires \u00e0 la protection de ces droits.<br \/>\nJe trouve aussi qu\u2019il est n\u00e9cessaire de travailler \u00e0 \u00e9tablir et \u00e0 maintenir des normes \u00e9quitables en mati\u00e8re de d\u00e9mocratie ,de protection  des droits des citoyens et d\u2019Etat de droit ,par la participation de la Mauritanie \u00e0 des organisations internationales et multilat\u00e9rales en collaboration avec d\u2019autres d\u2019Etats d\u00e9mocratiques .Afin de renforcer notre d\u00e9mocratie et la gouvernance inclusive, il faut soutenir cette d\u00e9mocratie-l\u00e0  par l\u2019interm\u00e9diaire de missions \u00e0 l\u2019\u00e9tranger ,collaborer avec les acteurs politiques et les organisations de la soci\u00e9t\u00e9 civile, d\u00e9velopper des partenaires significatifs et diversifi\u00e9s avec des hommes  politiques \u00e0 l\u2019\u00e9chelle internationale .<br \/>\nPar ailleurs, la d\u00e9mocratie et la gouvernance inclusive sont fondamentales pour le d\u00e9veloppement durable \u00e0 long terme. La participation aux processus publics et politiques est essentielle .Elle permet \u00e0 notre soci\u00e9t\u00e9 de prosp\u00e9rer.<br \/>\nPour conclure, nous devrons encourager les mauritaniens issus de groupes vuln\u00e9rables et marginalis\u00e9s afin qu\u2019elles participent \u00e0 la vie publique en tant qu\u2019\u00e9lecteur, repr\u00e9sentant \u00e9lus, employ\u00e9s ou gestionnaires du secteur public.<br \/>\nLe respect des droits des citoyens et des libert\u00e9s, le terme d\u2019\u00e9lections libres justes et incisives et l\u2019adh\u00e9sion \u00e0 l\u2019Etat de droit sont essentiels pour que notre d\u00e9mocratie soit solide et prosp\u00e8re.<br \/>\nCHEIKH AHMED OULD MOHAMED<br \/>\nINGENIEUR<br \/>\nCHEF DU SERVICE D\u2019ETUDES ET DEVELOPPMENT<br \/>\nETABLISSMENT PORTUAIRE DE LA BAIE ET DU  REPOS DE NOUADHIBOU.<\/p>\n","protected":false},"excerpt":{"rendered":"<p>La d\u00e9mocratie est un syst\u00e8me de gouvernement .C\u2019est aussi un syst\u00e8me soci\u00e9tal .Elle englobe l\u2019inclusion et l\u2019\u00e9galit\u00e9 et peut favoriser un environnement qui respecte les droits des citoyens mauritaniens et les libert\u00e9s fondamentales .Cela inclut les d\u00e9cisions sur leur vie .En effet, il n\u2019\u00e9chappe \u00e0 personne que la d\u00e9mocratie m\u00e8ne \u00e0 :une meilleure qualit\u00e9 de &hellip;<\/p>\n","protected":false},"author":2,"featured_media":5056,"comment_status":"open","ping_status":"open","sticky":false,"template":"","format":"standard","meta":{"footnotes":""},"categories":[18,19],"tags":[],"class_list":["post-5535","post","type-post","status-publish","format-standard","has-post-thumbnail","hentry","category-actualites","category-tribune"],"_links":{"self":[{"href":"https:\/\/ladepeche.mr\/index.php?rest_route=\/wp\/v2\/posts\/5535","targetHints":{"allow":["GET"]}}],"collection":[{"href":"https:\/\/ladepeche.mr\/index.php?rest_route=\/wp\/v2\/posts"}],"about":[{"href":"https:\/\/ladepeche.mr\/index.php?rest_route=\/wp\/v2\/types\/post"}],"author":[{"embeddable":true,"href":"https:\/\/ladepeche.mr\/index.php?rest_route=\/wp\/v2\/users\/2"}],"replies":[{"embeddable":true,"href":"https:\/\/ladepeche.mr\/index.php?rest_route=%2Fwp%2Fv2%2Fcomments&post=5535"}],"version-history":[{"count":2,"href":"https:\/\/ladepeche.mr\/index.php?rest_route=\/wp\/v2\/posts\/5535\/revisions"}],"predecessor-version":[{"id":5537,"href":"https:\/\/ladepeche.mr\/index.php?rest_route=\/wp\/v2\/posts\/5535\/revisions\/5537"}],"wp:featuredmedia":[{"embeddable":true,"href":"https:\/\/ladepeche.mr\/index.php?rest_route=\/wp\/v2\/media\/5056"}],"wp:attachment":[{"href":"https:\/\/ladepeche.mr\/index.php?rest_route=%2Fwp%2Fv2%2Fmedia&parent=5535"}],"wp:term":[{"taxonomy":"category","embeddable":true,"href":"https:\/\/ladepeche.mr\/index.php?rest_route=%2Fwp%2Fv2%2Fcategories&post=5535"},{"taxonomy":"post_tag","embeddable":true,"href":"https:\/\/ladepeche.mr\/index.php?rest_route=%2Fwp%2Fv2%2Ftags&post=5535"}],"curies":[{"name":"wp","href":"https:\/\/api.w.org\/{rel}","templated":true}]}}