{"id":5558,"date":"2023-05-12T02:21:04","date_gmt":"2023-05-12T02:21:04","guid":{"rendered":"https:\/\/ladepeche.mr\/?p=5558"},"modified":"2023-05-12T02:21:43","modified_gmt":"2023-05-12T02:21:43","slug":"g5s-ue-le-president-ghazaouani-expose-la-feuille-de-route-aux-partenaires-europeens","status":"publish","type":"post","link":"https:\/\/ladepeche.mr\/?p=5558","title":{"rendered":"G5S-Ue : Le pr\u00e9sident Ghazaouani expose une nouvelle feuille de route aux partenaires europ\u00e9ens"},"content":{"rendered":"<p>\u00abLa concertation que j\u2019ai eue avec Son Excellence le Pr\u00e9sident de la R\u00e9publique s\u2019est bien s\u00fbr focalis\u00e9e sur le G5-Sahel au moment o\u00f9 la Mauritanie assure la pr\u00e9sidence de cette organisation et assume de ce fait une grande responsabilit\u00e9 dans un contexte marqu\u00e9 par la sortie du Mali du G5-Sahel \u00bb a r\u00e9v\u00e9l\u00e9 la repr\u00e9sentante sp\u00e9ciale de l\u2019Union europ\u00e9enne pour la r\u00e9gion du Sahel, SE Mme Emmanuela Del Rey, \u00e0 l\u2019issue d\u2019un entretien avec le pr\u00e9sident mohamed Ould Ghazouani, pr\u00e9sident en exercice du G5S.<br \/>\nMme Del Rey qui a regrett\u00e9 la sortie du Mali de l\u2019organisation a, n\u00e9anmoins, lou\u00e9 l\u2019engagement manifest\u00e9 par les 4 autres pays de l\u2019organisation \u00ab anim\u00e9s par la volont\u00e9 de consolider la s\u00e9curit\u00e9 et le d\u00e9veloppement dans la r\u00e9gion \u00bb a-t-elle dit pr\u00e9cisant qu\u2019elle a discut\u00e9 avec le pr\u00e9sident de la nouvelle feuille de route de l\u2019organisation et qu\u2019elle l\u2019a assur\u00e9e de l\u2019int\u00e9r\u00eat de l\u2019Union europ\u00e9enne pour \u00ab un projet fiable pour la s\u00e9curit\u00e9 et le d\u00e9veloppement de la r\u00e9gion et qu\u2019elle consacre notre partenariat en faveur de la prosp\u00e9rit\u00e9 des populations de la r\u00e9gion \u00bb.<br \/>\nSur le plan bilat\u00e9rale, la responsable europ\u00e9enne a encore soulign\u00e9 les rapports privil\u00e9gi\u00e9s entre la Mauritanie et l\u2019Ue souligant les espoirs plac\u00e9s dans le \u00ab charisme \u00bb du pr\u00e9sident, Mohamed Ould Cheikh El Ghazouani qui \u00ab jouit d\u2019un \u00e9norme charisme et d\u2019une importante capacit\u00e9 pour intervenir sur les sc\u00e8nes r\u00e9gionale et internationale \u00bb. Elle a en outre pr\u00e9cis\u00e9 que \u00ab la Mauritanie (..) occupe une place centrale dans le G5-Sahel est un partenaire strat\u00e9gique tr\u00e8s important pour l\u2019Union europ\u00e9enne avec lequel elle partage la volont\u00e9 de construire une base solide pour garantir la stabilit\u00e9 et la prosp\u00e9rit\u00e9 en Mauritanie \u00bb.<br \/>\nNotons que cet entretien s\u2019est d\u00e9roul\u00e9 en pr\u00e9sence du directeur de cabinet du Pr\u00e9sident de la r\u00e9publique, M. Ismael Ould Cheikh Ahmed, et de SEM Gwilym Jones,  ambassadeur, chef de la D\u00e9l\u00e9gation de l\u2019Union europ\u00e9enne en Mauritanie.<\/p>\n","protected":false},"excerpt":{"rendered":"<p>\u00abLa concertation que j\u2019ai eue avec Son Excellence le Pr\u00e9sident de la R\u00e9publique s\u2019est bien s\u00fbr focalis\u00e9e sur le G5-Sahel au moment o\u00f9 la Mauritanie assure la pr\u00e9sidence de cette organisation et assume de ce fait une grande responsabilit\u00e9 dans un contexte marqu\u00e9 par la sortie du Mali du G5-Sahel \u00bb a r\u00e9v\u00e9l\u00e9 la repr\u00e9sentante &hellip;<\/p>\n","protected":false},"author":2,"featured_media":5559,"comment_status":"open","ping_status":"open","sticky":false,"template":"","format":"standard","meta":{"footnotes":""},"categories":[18,29],"tags":[],"class_list":["post-5558","post","type-post","status-publish","format-standard","has-post-thumbnail","hentry","category-actualites","category-monde"],"_links":{"self":[{"href":"https:\/\/ladepeche.mr\/index.php?rest_route=\/wp\/v2\/posts\/5558","targetHints":{"allow":["GET"]}}],"collection":[{"href":"https:\/\/ladepeche.mr\/index.php?rest_route=\/wp\/v2\/posts"}],"about":[{"href":"https:\/\/ladepeche.mr\/index.php?rest_route=\/wp\/v2\/types\/post"}],"author":[{"embeddable":true,"href":"https:\/\/ladepeche.mr\/index.php?rest_route=\/wp\/v2\/users\/2"}],"replies":[{"embeddable":true,"href":"https:\/\/ladepeche.mr\/index.php?rest_route=%2Fwp%2Fv2%2Fcomments&post=5558"}],"version-history":[{"count":2,"href":"https:\/\/ladepeche.mr\/index.php?rest_route=\/wp\/v2\/posts\/5558\/revisions"}],"predecessor-version":[{"id":5561,"href":"https:\/\/ladepeche.mr\/index.php?rest_route=\/wp\/v2\/posts\/5558\/revisions\/5561"}],"wp:featuredmedia":[{"embeddable":true,"href":"https:\/\/ladepeche.mr\/index.php?rest_route=\/wp\/v2\/media\/5559"}],"wp:attachment":[{"href":"https:\/\/ladepeche.mr\/index.php?rest_route=%2Fwp%2Fv2%2Fmedia&parent=5558"}],"wp:term":[{"taxonomy":"category","embeddable":true,"href":"https:\/\/ladepeche.mr\/index.php?rest_route=%2Fwp%2Fv2%2Fcategories&post=5558"},{"taxonomy":"post_tag","embeddable":true,"href":"https:\/\/ladepeche.mr\/index.php?rest_route=%2Fwp%2Fv2%2Ftags&post=5558"}],"curies":[{"name":"wp","href":"https:\/\/api.w.org\/{rel}","templated":true}]}}