{"id":5562,"date":"2023-05-13T12:51:08","date_gmt":"2023-05-13T12:51:08","guid":{"rendered":"https:\/\/ladepeche.mr\/?p=5562"},"modified":"2023-05-13T13:10:39","modified_gmt":"2023-05-13T13:10:39","slug":"jour-de-vote-le-president-loue-le-sens-de-responsabilite-de-ses-compatriotes","status":"publish","type":"post","link":"https:\/\/ladepeche.mr\/?p=5562","title":{"rendered":"Elections-Jour de vote : Le pr\u00e9sident loue le sens de responsabilit\u00e9 de ses compatriotes"},"content":{"rendered":"<p>Le pr\u00e9sident, Mohamed Ould Ghzaouani, accompagn\u00e9 de la Premi\u00e8re Dame, Dr Mariem Mint Mohamed Fadel Ould Dah, a lou\u00e9, samedi, \u00e0 l\u2019issue de son vote \u00e0 l\u2019ENS, le sens de responsabilit\u00e9 et prise de conscience politique de ses concitoyens pour leur participation \u00e0 la campagne \u00e9lectorale qui a pr\u00e9c\u00e9d\u00e9 l\u2019organisation du vote proprement dit.<br \/>\n\u00ab Je tiens \u00e0 adresser mes remerciements \u00e0 tous nos concitoyens pour leur sens de responsabilit\u00e9s dans la mani\u00e8re dont ils ont men\u00e9 la campagne \u00e9lectorale qui s&#8217;est achev\u00e9e il y a un jour, malgr\u00e9 le nombre important de participations et malgr\u00e9 la force de la concurrence, les divergences d&#8217;opinions et la divergence des positions \u00bb a notamment d\u00e9clar\u00e9 le pr\u00e9sident Ghazaouni aux micros des journalistes venus recueillir son sentiment.<br \/>\nLe pr\u00e9sident a, par ailleurs, estim\u00e9 que la campagne \u00e9lectorale s\u2019est d\u00e9roul\u00e9e, malgr\u00e9 les divergences politiques et d\u2019opinions \u00ab dans une atmosph\u00e8re de discipline et de responsabilit\u00e9 \u00bb  et \u00ab sans enregistrer aucun \u00e9v\u00e9nement, ni aucune action affectant la paix ou le calme \u00bb. Ce qui de l\u2019avis du pr\u00e9sident de la R\u00e9publique d\u00e9noterait \u00ab du niveau de conscience de notre peuple, de la maturit\u00e9 de notre classe politique et de l&#8217;enracinement de pratique d\u00e9mocratique dans notre pays \u00bb.<br \/>\nLe pr\u00e9sident a encore salu\u00e9 le r\u00f4le jou\u00e9 par la Commission \u00e9lectorale nationale ind\u00e9pendante et \u00ab sa vigilance afin que ces \u00e9lections se d\u00e9roulent de mani\u00e8re appropri\u00e9e, conform\u00e9ment \u00e0 la lettre et \u00e0 l&#8217;esprit de l&#8217;accord politique historique dans notre pays, qui entre le gouvernement et les partis politiques \u00bb.<br \/>\nLe pr\u00e9sident a rappel\u00e9 que le gouvernement n\u2019avait pas m\u00e9nag\u00e9 les moyens pour garantir le succ\u00e8s de ces consultations, en favorisant un accord avec tous les partis politiques pour organiser les \u00e9lections, en cr\u00e9ant le cadre politique et juridiques pour cet accord, et en mettant \u00e0 la disposition des acteurs les moyens financiers et logistiques n\u00e9cessaires pour assurer l&#8217;organisation des \u00e9lections et en allouant des subventions pour tous les partis en lice pour assurer leurs campagnes politiques lors de ces \u00e9lections g\u00e9n\u00e9rales. Le pr\u00e9sident a enfin rappel\u00e9 qu\u2019apr\u00e8s les discours de campagne politique, qu\u2019il ne restait plus que l\u2019avis du citoyen qui devrait s\u2019exprimer \u00e0 travers les urnes en toute libert\u00e9, \u00ab dans la transparence et l\u2019int\u00e9grit\u00e9 \u00bb.<\/p>\n","protected":false},"excerpt":{"rendered":"<p>Le pr\u00e9sident, Mohamed Ould Ghzaouani, accompagn\u00e9 de la Premi\u00e8re Dame, Dr Mariem Mint Mohamed Fadel Ould Dah, a lou\u00e9, samedi, \u00e0 l\u2019issue de son vote \u00e0 l\u2019ENS, le sens de responsabilit\u00e9 et prise de conscience politique de ses concitoyens pour leur participation \u00e0 la campagne \u00e9lectorale qui a pr\u00e9c\u00e9d\u00e9 l\u2019organisation du vote proprement dit. \u00ab &hellip;<\/p>\n","protected":false},"author":2,"featured_media":5568,"comment_status":"open","ping_status":"open","sticky":false,"template":"","format":"standard","meta":{"footnotes":""},"categories":[18,33],"tags":[],"class_list":["post-5562","post","type-post","status-publish","format-standard","has-post-thumbnail","hentry","category-actualites","category-eg"],"_links":{"self":[{"href":"https:\/\/ladepeche.mr\/index.php?rest_route=\/wp\/v2\/posts\/5562","targetHints":{"allow":["GET"]}}],"collection":[{"href":"https:\/\/ladepeche.mr\/index.php?rest_route=\/wp\/v2\/posts"}],"about":[{"href":"https:\/\/ladepeche.mr\/index.php?rest_route=\/wp\/v2\/types\/post"}],"author":[{"embeddable":true,"href":"https:\/\/ladepeche.mr\/index.php?rest_route=\/wp\/v2\/users\/2"}],"replies":[{"embeddable":true,"href":"https:\/\/ladepeche.mr\/index.php?rest_route=%2Fwp%2Fv2%2Fcomments&post=5562"}],"version-history":[{"count":4,"href":"https:\/\/ladepeche.mr\/index.php?rest_route=\/wp\/v2\/posts\/5562\/revisions"}],"predecessor-version":[{"id":5570,"href":"https:\/\/ladepeche.mr\/index.php?rest_route=\/wp\/v2\/posts\/5562\/revisions\/5570"}],"wp:featuredmedia":[{"embeddable":true,"href":"https:\/\/ladepeche.mr\/index.php?rest_route=\/wp\/v2\/media\/5568"}],"wp:attachment":[{"href":"https:\/\/ladepeche.mr\/index.php?rest_route=%2Fwp%2Fv2%2Fmedia&parent=5562"}],"wp:term":[{"taxonomy":"category","embeddable":true,"href":"https:\/\/ladepeche.mr\/index.php?rest_route=%2Fwp%2Fv2%2Fcategories&post=5562"},{"taxonomy":"post_tag","embeddable":true,"href":"https:\/\/ladepeche.mr\/index.php?rest_route=%2Fwp%2Fv2%2Ftags&post=5562"}],"curies":[{"name":"wp","href":"https:\/\/api.w.org\/{rel}","templated":true}]}}