{"id":5571,"date":"2023-05-13T13:39:45","date_gmt":"2023-05-13T13:39:45","guid":{"rendered":"https:\/\/ladepeche.mr\/?p=5571"},"modified":"2023-05-13T16:33:17","modified_gmt":"2023-05-13T16:33:17","slug":"jour-de-vote-trois-bureaux-de-vote-a-maghata-lahjar-prive-de-bulletins-de-vote","status":"publish","type":"post","link":"https:\/\/ladepeche.mr\/?p=5571","title":{"rendered":"Jour de vote-Op\u00e9rations \u00e9lectorales: Trois bureaux de vote \u00e0 Maghata Lahjar priv\u00e9s de bulletins de vote"},"content":{"rendered":"<p>Trois de votes dans la moughataa de Maghta Lahjar seraient priv\u00e9s de bulletins de vote au d\u00e9marrage des op\u00e9rations \u00e9lectorales, apprend-on de sources cooncordantes.<br \/>\nLes bureaux dont il s\u2019agirait sont les bureaux 3 dans la moughataa, le lyc\u00e9e 3 et l\u2019\u00e9cole 5. Ce premier couac de la CENI est \u00e0 l\u2019origine de la suspension des op\u00e9rations de vote dans cette circonscription.<br \/>\nSeul, le parti \u00ab El Insaf\u00bb a introduit une plainte \u00e0 ce sujet aupr\u00e8s de la CENI, apprend-on de m\u00eame source.<br \/>\nPlusieurs listes parmi lesquelles les plus en vue seraient les partis \u00abEl Insaf \u00bb la coalition \u00abEl Vadila-Karama \u00bb sont en course dans cette circonscription \u00e9lectorale.<\/p>\n","protected":false},"excerpt":{"rendered":"<p>Trois de votes dans la moughataa de Maghta Lahjar seraient priv\u00e9s de bulletins de vote au d\u00e9marrage des op\u00e9rations \u00e9lectorales, apprend-on de sources cooncordantes. Les bureaux dont il s\u2019agirait sont les bureaux 3 dans la moughataa, le lyc\u00e9e 3 et l\u2019\u00e9cole 5. Ce premier couac de la CENI est \u00e0 l\u2019origine de la suspension des &hellip;<\/p>\n","protected":false},"author":2,"featured_media":3674,"comment_status":"open","ping_status":"open","sticky":false,"template":"","format":"standard","meta":{"footnotes":""},"categories":[18],"tags":[],"class_list":["post-5571","post","type-post","status-publish","format-standard","has-post-thumbnail","hentry","category-actualites"],"_links":{"self":[{"href":"https:\/\/ladepeche.mr\/index.php?rest_route=\/wp\/v2\/posts\/5571","targetHints":{"allow":["GET"]}}],"collection":[{"href":"https:\/\/ladepeche.mr\/index.php?rest_route=\/wp\/v2\/posts"}],"about":[{"href":"https:\/\/ladepeche.mr\/index.php?rest_route=\/wp\/v2\/types\/post"}],"author":[{"embeddable":true,"href":"https:\/\/ladepeche.mr\/index.php?rest_route=\/wp\/v2\/users\/2"}],"replies":[{"embeddable":true,"href":"https:\/\/ladepeche.mr\/index.php?rest_route=%2Fwp%2Fv2%2Fcomments&post=5571"}],"version-history":[{"count":4,"href":"https:\/\/ladepeche.mr\/index.php?rest_route=\/wp\/v2\/posts\/5571\/revisions"}],"predecessor-version":[{"id":5575,"href":"https:\/\/ladepeche.mr\/index.php?rest_route=\/wp\/v2\/posts\/5571\/revisions\/5575"}],"wp:featuredmedia":[{"embeddable":true,"href":"https:\/\/ladepeche.mr\/index.php?rest_route=\/wp\/v2\/media\/3674"}],"wp:attachment":[{"href":"https:\/\/ladepeche.mr\/index.php?rest_route=%2Fwp%2Fv2%2Fmedia&parent=5571"}],"wp:term":[{"taxonomy":"category","embeddable":true,"href":"https:\/\/ladepeche.mr\/index.php?rest_route=%2Fwp%2Fv2%2Fcategories&post=5571"},{"taxonomy":"post_tag","embeddable":true,"href":"https:\/\/ladepeche.mr\/index.php?rest_route=%2Fwp%2Fv2%2Ftags&post=5571"}],"curies":[{"name":"wp","href":"https:\/\/api.w.org\/{rel}","templated":true}]}}