{"id":5587,"date":"2023-05-15T13:37:27","date_gmt":"2023-05-15T13:37:27","guid":{"rendered":"https:\/\/ladepeche.mr\/?p=5587"},"modified":"2023-05-15T13:37:27","modified_gmt":"2023-05-15T13:37:27","slug":"les-partenariats-mondiaux-et-le-financement-durable-sont-a-lordre-du-jour-des-assemblees-annuelles-2023-du-groupe-de-la-bid-a-jeddah","status":"publish","type":"post","link":"https:\/\/ladepeche.mr\/?p=5587","title":{"rendered":"Les partenariats mondiaux et le financement durable sont \u00e0 l\u2019ordre du jour des assembl\u00e9es annuelles 2023 du Groupe de la BID \u00e0 Jeddah"},"content":{"rendered":"<p>Jeddah, Royaume d\u2019Arabie saoudite, le 15 mai 2023 \u2013 Les d\u00e9cideurs politiques et les chefs d&#8217;entreprise du monde d\u00e9battent de la mani\u00e8re de s&#8217;attaquer aux obstacles au d\u00e9veloppement durable lors des assembl\u00e9es annuelles du Groupe de la BID.<\/p>\n<p>Organis\u00e9e sous le th\u00e8me \u00ab Partenariat pour repousser les crises \u00bb, la 48\u00e8me \u00e9dition des r\u00e9unions annuelles a r\u00e9uni de hauts responsables gouvernementaux pour discuter d\u2019un \u00e9ventail de sujets tels que la r\u00e9duction de la pauvret\u00e9, les soins de sant\u00e9, l\u2019\u00e9ducation, l\u2019autonomisation des femmes et des jeunes, la s\u00e9curit\u00e9 alimentaire et le changement climatique. <\/p>\n<p>L\u2019\u00e9v\u00e9nement de quatre jours comprend des sessions pl\u00e9ni\u00e8res et des symposiums techniques pour identifier des solutions aux probl\u00e8mes \u00e9conomiques et de d\u00e9veloppement auxquels sont confront\u00e9s les 57 pays membres du Groupe.<\/p>\n<p>Lors de la journ\u00e9e d\u2019ouverture, la r\u00e9union du conseil d\u2019administration du Groupe de la BID a approuv\u00e9 un financement d\u2019une valeur de plus de USD 558 millions pour six projets dans les pays membres. Les projets se concentrent sur le soutien \u00e0 la croissance inclusive et au d\u00e9veloppement des infrastructures conform\u00e9ment aux objectifs de d\u00e9veloppement durable (ODD). La journ\u00e9e a \u00e9galement \u00e9t\u00e9 marqu\u00e9e par le lancement du \u00ab Rapport sur l\u2019int\u00e9gration de la BID pour la r\u00e9gion arabe \u00bb qui mesure le progr\u00e8s de l\u2019int\u00e9gration \u00e9conomique dans la r\u00e9gion arabe.<\/p>\n<p>Lors du discours d\u2019ouverture, son excellence Dr Muhammad Al Jasser, pr\u00e9sident du Groupe de la BID a r\u00e9affirm\u00e9 l\u2019engagement du Groupe \u00e0 promouvoir la r\u00e9silience et \u00e0 fournir des financements au sein des pays membres pour aider \u00e0 surmonter les d\u00e9fis.<\/p>\n<p>\u00ab Pour aider ses pays membres \u00e0 faire face aux crises, le Groupe de la BID a lanc\u00e9 plusieurs initiatives, notamment un programme pour lutter contre les effets de la pand\u00e9mie d\u2019un montant de USD 4.3 milliards, et le programme de r\u00e9ponse \u00e0 la s\u00e9curit\u00e9 alimentaire \u00e9valu\u00e9 \u00e0 plus de USD 10 milliards sur les trois prochaines ann\u00e9es, en plus de s\u2019engager \u00e0 contribuer au financement climatique d\u2019un montant d\u2019au moins USD 13 milliards jusqu\u2019en 2030 \u00bb. <\/p>\n<p>Parall\u00e8lement, le Forum du secteur priv\u00e9 du Groupe de la BID qui se tient du 11 au 13 mai en marge des r\u00e9unions annuelles, ouvre la voie \u00e0 des partenariats public-priv\u00e9 qui soutiennent des financements innovants et durables. <\/p>\n<p>*source : AETOSWire<\/p>\n","protected":false},"excerpt":{"rendered":"<p>Jeddah, Royaume d\u2019Arabie saoudite, le 15 mai 2023 \u2013 Les d\u00e9cideurs politiques et les chefs d&#8217;entreprise du monde d\u00e9battent de la mani\u00e8re de s&#8217;attaquer aux obstacles au d\u00e9veloppement durable lors des assembl\u00e9es annuelles du Groupe de la BID. Organis\u00e9e sous le th\u00e8me \u00ab Partenariat pour repousser les crises \u00bb, la 48\u00e8me \u00e9dition des r\u00e9unions annuelles &hellip;<\/p>\n","protected":false},"author":2,"featured_media":5588,"comment_status":"open","ping_status":"open","sticky":false,"template":"","format":"standard","meta":{"footnotes":""},"categories":[18,2,29],"tags":[],"class_list":["post-5587","post","type-post","status-publish","format-standard","has-post-thumbnail","hentry","category-actualites","category-economie","category-monde"],"_links":{"self":[{"href":"https:\/\/ladepeche.mr\/index.php?rest_route=\/wp\/v2\/posts\/5587","targetHints":{"allow":["GET"]}}],"collection":[{"href":"https:\/\/ladepeche.mr\/index.php?rest_route=\/wp\/v2\/posts"}],"about":[{"href":"https:\/\/ladepeche.mr\/index.php?rest_route=\/wp\/v2\/types\/post"}],"author":[{"embeddable":true,"href":"https:\/\/ladepeche.mr\/index.php?rest_route=\/wp\/v2\/users\/2"}],"replies":[{"embeddable":true,"href":"https:\/\/ladepeche.mr\/index.php?rest_route=%2Fwp%2Fv2%2Fcomments&post=5587"}],"version-history":[{"count":1,"href":"https:\/\/ladepeche.mr\/index.php?rest_route=\/wp\/v2\/posts\/5587\/revisions"}],"predecessor-version":[{"id":5589,"href":"https:\/\/ladepeche.mr\/index.php?rest_route=\/wp\/v2\/posts\/5587\/revisions\/5589"}],"wp:featuredmedia":[{"embeddable":true,"href":"https:\/\/ladepeche.mr\/index.php?rest_route=\/wp\/v2\/media\/5588"}],"wp:attachment":[{"href":"https:\/\/ladepeche.mr\/index.php?rest_route=%2Fwp%2Fv2%2Fmedia&parent=5587"}],"wp:term":[{"taxonomy":"category","embeddable":true,"href":"https:\/\/ladepeche.mr\/index.php?rest_route=%2Fwp%2Fv2%2Fcategories&post=5587"},{"taxonomy":"post_tag","embeddable":true,"href":"https:\/\/ladepeche.mr\/index.php?rest_route=%2Fwp%2Fv2%2Ftags&post=5587"}],"curies":[{"name":"wp","href":"https:\/\/api.w.org\/{rel}","templated":true}]}}