{"id":5590,"date":"2023-05-15T14:00:27","date_gmt":"2023-05-15T14:00:27","guid":{"rendered":"https:\/\/ladepeche.mr\/?p=5590"},"modified":"2023-05-15T14:00:27","modified_gmt":"2023-05-15T14:00:27","slug":"la-mauritanie-salue-le-retour-de-la-syrie-au-sein-de-la-ligue-arabe-apres-12-ans-de-suspension","status":"publish","type":"post","link":"https:\/\/ladepeche.mr\/?p=5590","title":{"rendered":"La Mauritanie salue le retour de la Syrie au sein de la Ligue arabe apr\u00e8s 12 ans de suspension"},"content":{"rendered":"<p>Le secr\u00e9taire g\u00e9n\u00e9ral du minist\u00e8re de des Affaires \u00e9conomiques et de la Promotion des Secteurs productifs, Yaaghoub Ould Ahmed A\u00efcha, a salu\u00e9, lundi 15 mai, \u00e0 Djeddah (Arabie Saoudite) le retour de la Syrie au sein de la Ligue arabe.<\/p>\n<p>Lors de l\u2019ouverture de la r\u00e9union du Conseil \u00e9conomique et social arabe au niveau minist\u00e9riel, pr\u00e9paratoire du prochain du Sommet arabe, M. Ould Ahmed A\u00efcha a remerci\u00e9 le pays h\u00f4te pour son hospitalit\u00e9 et l\u2019Alg\u00e9rie pour ses grands efforts lors de sa pr\u00e9sidence de la derni\u00e8re session.<\/p>\n<p>\u00ab Il a exprim\u00e9 la bienvenue \u00e0 la Syrie pour sa participation \u00e0 la session \u00bb, indique l\u2019Agence Mauritanienne d\u2019Information (AMI).<\/p>\n<p>Appelant \u00e0 coordonner les efforts arabes pour servir les causes communes afin de parvenir \u00e0 la croissance et \u00e0 la prosp\u00e9rit\u00e9, M. Ould Ahmed A\u00efcha a pass\u00e9 en revue la situation internationale complexe dans laquelle se tient cette rencontre.<\/p>\n<p>Le secr\u00e9taire g\u00e9n\u00e9ral du minist\u00e8re de des Affaires \u00e9conomiques et de la Promotion des Secteurs productifs a rappel\u00e9 l\u2019int\u00e9r\u00eat de la Mauritanie pour le succ\u00e8s de la cinqui\u00e8me session du Sommet arabe de d\u00e9veloppement \u00e9conomique et social, que la Mauritanie accueillera en novembre prochain.<\/p>\n<p>Par La r\u00e9daction de Cridem<\/p>\n","protected":false},"excerpt":{"rendered":"<p>Le secr\u00e9taire g\u00e9n\u00e9ral du minist\u00e8re de des Affaires \u00e9conomiques et de la Promotion des Secteurs productifs, Yaaghoub Ould Ahmed A\u00efcha, a salu\u00e9, lundi 15 mai, \u00e0 Djeddah (Arabie Saoudite) le retour de la Syrie au sein de la Ligue arabe. Lors de l\u2019ouverture de la r\u00e9union du Conseil \u00e9conomique et social arabe au niveau minist\u00e9riel, &hellip;<\/p>\n","protected":false},"author":2,"featured_media":5591,"comment_status":"open","ping_status":"open","sticky":false,"template":"","format":"standard","meta":{"footnotes":""},"categories":[18,29],"tags":[],"class_list":["post-5590","post","type-post","status-publish","format-standard","has-post-thumbnail","hentry","category-actualites","category-monde"],"_links":{"self":[{"href":"https:\/\/ladepeche.mr\/index.php?rest_route=\/wp\/v2\/posts\/5590","targetHints":{"allow":["GET"]}}],"collection":[{"href":"https:\/\/ladepeche.mr\/index.php?rest_route=\/wp\/v2\/posts"}],"about":[{"href":"https:\/\/ladepeche.mr\/index.php?rest_route=\/wp\/v2\/types\/post"}],"author":[{"embeddable":true,"href":"https:\/\/ladepeche.mr\/index.php?rest_route=\/wp\/v2\/users\/2"}],"replies":[{"embeddable":true,"href":"https:\/\/ladepeche.mr\/index.php?rest_route=%2Fwp%2Fv2%2Fcomments&post=5590"}],"version-history":[{"count":1,"href":"https:\/\/ladepeche.mr\/index.php?rest_route=\/wp\/v2\/posts\/5590\/revisions"}],"predecessor-version":[{"id":5592,"href":"https:\/\/ladepeche.mr\/index.php?rest_route=\/wp\/v2\/posts\/5590\/revisions\/5592"}],"wp:featuredmedia":[{"embeddable":true,"href":"https:\/\/ladepeche.mr\/index.php?rest_route=\/wp\/v2\/media\/5591"}],"wp:attachment":[{"href":"https:\/\/ladepeche.mr\/index.php?rest_route=%2Fwp%2Fv2%2Fmedia&parent=5590"}],"wp:term":[{"taxonomy":"category","embeddable":true,"href":"https:\/\/ladepeche.mr\/index.php?rest_route=%2Fwp%2Fv2%2Fcategories&post=5590"},{"taxonomy":"post_tag","embeddable":true,"href":"https:\/\/ladepeche.mr\/index.php?rest_route=%2Fwp%2Fv2%2Ftags&post=5590"}],"curies":[{"name":"wp","href":"https:\/\/api.w.org\/{rel}","templated":true}]}}