{"id":5600,"date":"2023-05-15T15:42:04","date_gmt":"2023-05-15T15:42:04","guid":{"rendered":"https:\/\/ladepeche.mr\/?p=5600"},"modified":"2023-05-15T16:31:25","modified_gmt":"2023-05-15T16:31:25","slug":"mauritanie-arabie-ligue-arabe-le-roi-selmane-ben-abdelaziz-invite-le-president-ghazouani-a-prendre-part-au-32eme-sommet","status":"publish","type":"post","link":"https:\/\/ladepeche.mr\/?p=5600","title":{"rendered":"Mauritanie-Arabie-Ligue Arabe : Le Roi Mohamed Ben Salmane invite le pr\u00e9sident Ghazouani \u00e0 prendre part au 32\u00e8me sommet"},"content":{"rendered":"<p>Le pr\u00e9sident de la R\u00e9publique, Mohamed Ould Ghazaouani, a officiellement re\u00e7u, lundi, une invitation de Sa Majest\u00e9, Mohamed Ben Salmane, d\u2019Arabie Saoudite pour prendre part aux travaux du 32\u00e8me sommet de la Ligue Arabe, pr\u00e9vu dans son pays, le 19 mai prochain.<br \/>\nLe sommet qui se tient avec de nouveaux d\u00e9fis comme la guerre au Soudan enregistre au moins le retour au bercail de la Syrie.<br \/>\nCe sommet tr\u00e8s attendu se tient en pr\u00e9lude d\u2019un autre le sommet arabe sur le d\u00e9veloppement que la Mauritanie devrait abriter.<br \/>\nL\u2019invitation de Sa Majest\u00e9 le Roi d\u2019Arabie Saoudite a \u00e9t\u00e9 transmise au pr\u00e9sident de la R\u00e9publique par l\u2019ambassadeur du Royaume saoudien en Mauritanie, SEM Mohamed Ben Ayed El Belwi.<\/p>\n","protected":false},"excerpt":{"rendered":"<p>Le pr\u00e9sident de la R\u00e9publique, Mohamed Ould Ghazaouani, a officiellement re\u00e7u, lundi, une invitation de Sa Majest\u00e9, Mohamed Ben Salmane, d\u2019Arabie Saoudite pour prendre part aux travaux du 32\u00e8me sommet de la Ligue Arabe, pr\u00e9vu dans son pays, le 19 mai prochain. Le sommet qui se tient avec de nouveaux d\u00e9fis comme la guerre au &hellip;<\/p>\n","protected":false},"author":2,"featured_media":5606,"comment_status":"open","ping_status":"open","sticky":false,"template":"","format":"standard","meta":{"footnotes":""},"categories":[18,29],"tags":[],"class_list":["post-5600","post","type-post","status-publish","format-standard","has-post-thumbnail","hentry","category-actualites","category-monde"],"_links":{"self":[{"href":"https:\/\/ladepeche.mr\/index.php?rest_route=\/wp\/v2\/posts\/5600","targetHints":{"allow":["GET"]}}],"collection":[{"href":"https:\/\/ladepeche.mr\/index.php?rest_route=\/wp\/v2\/posts"}],"about":[{"href":"https:\/\/ladepeche.mr\/index.php?rest_route=\/wp\/v2\/types\/post"}],"author":[{"embeddable":true,"href":"https:\/\/ladepeche.mr\/index.php?rest_route=\/wp\/v2\/users\/2"}],"replies":[{"embeddable":true,"href":"https:\/\/ladepeche.mr\/index.php?rest_route=%2Fwp%2Fv2%2Fcomments&post=5600"}],"version-history":[{"count":5,"href":"https:\/\/ladepeche.mr\/index.php?rest_route=\/wp\/v2\/posts\/5600\/revisions"}],"predecessor-version":[{"id":5607,"href":"https:\/\/ladepeche.mr\/index.php?rest_route=\/wp\/v2\/posts\/5600\/revisions\/5607"}],"wp:featuredmedia":[{"embeddable":true,"href":"https:\/\/ladepeche.mr\/index.php?rest_route=\/wp\/v2\/media\/5606"}],"wp:attachment":[{"href":"https:\/\/ladepeche.mr\/index.php?rest_route=%2Fwp%2Fv2%2Fmedia&parent=5600"}],"wp:term":[{"taxonomy":"category","embeddable":true,"href":"https:\/\/ladepeche.mr\/index.php?rest_route=%2Fwp%2Fv2%2Fcategories&post=5600"},{"taxonomy":"post_tag","embeddable":true,"href":"https:\/\/ladepeche.mr\/index.php?rest_route=%2Fwp%2Fv2%2Ftags&post=5600"}],"curies":[{"name":"wp","href":"https:\/\/api.w.org\/{rel}","templated":true}]}}