{"id":5608,"date":"2023-05-15T22:00:48","date_gmt":"2023-05-15T22:00:48","guid":{"rendered":"https:\/\/ladepeche.mr\/?p=5608"},"modified":"2023-05-15T16:42:57","modified_gmt":"2023-05-15T16:42:57","slug":"notre-pays-participe-aux-reunions-du-conseil-economique-et-social-arabe-a-jedda","status":"publish","type":"post","link":"https:\/\/ladepeche.mr\/?p=5608","title":{"rendered":"R\u00e9unions pr\u00e9paratoires du sommet arabe: Notre pays participe aux r\u00e9unions du Conseil \u00e9conomique et social arabe \u00e0 Jedda"},"content":{"rendered":"<p>Les travaux des  r\u00e9unions  du Conseil \u00e9conomique et social arabe au niveau minist\u00e9riel ont d\u00e9but\u00e9,  aujourd&#8217;hui lundi,  \u00e0 Jedda en Arabie saoudite.<\/p>\n<p>Ces r\u00e9unions pr\u00e9paratoires du prochain sommet arabe, ont connu  la participation d&#8217;une d\u00e9l\u00e9gation de notre pays  dirig\u00e9e par le secr\u00e9taire g\u00e9n\u00e9ral du minist\u00e8re des Affaires \u00e9conomiques et de la Promotion des Secteurs productifs, M. Yacoub Ould Ahmed Aicha.<\/p>\n<p>A cette occasion, le Secr\u00e9taire g\u00e9n\u00e9ral a prononc\u00e9 un mot dans lequel il a remerci\u00e9 le Royaume pour l&#8217;hospitalit\u00e9, et  l&#8217;Alg\u00e9rie pour  les grands efforts  qu&#8217;elle a  men\u00e9 lors de sa pr\u00e9sidence de la derni\u00e8re session,  tout en souhaitant la bienvenue  \u00e0 la Syrie pour sa participation \u00e0 la session.<\/p>\n<p>Par ailleurs,  le Secr\u00e9taire g\u00e9n\u00e9ral a pass\u00e9 en revue le contexte  international complexe dans laquelle se d\u00e9roule la rencontre,  appelant  \u00e0 la  coordination des efforts arabes pour servir les causes communes afin de parvenir \u00e0 la croissance et \u00e0 la prosp\u00e9rit\u00e9.<\/p>\n<p>Au terme de son allocution,  il a  r\u00e9affirm\u00e9 la volont\u00e9 de notre pays de faire de la cinqui\u00e8me session du Sommet arabe pour le d\u00e9veloppement \u00e9conomique et social, qu&#8217;il  accueillera en novembre prochain, un succ\u00e8s \u00e0 travers la prise  de d\u00e9cisions importantes qui servent les int\u00e9r\u00eats de la nation arabe.<br \/>\nSource MAEPSP<\/p>\n","protected":false},"excerpt":{"rendered":"<p>Les travaux des r\u00e9unions du Conseil \u00e9conomique et social arabe au niveau minist\u00e9riel ont d\u00e9but\u00e9, aujourd&#8217;hui lundi, \u00e0 Jedda en Arabie saoudite. Ces r\u00e9unions pr\u00e9paratoires du prochain sommet arabe, ont connu la participation d&#8217;une d\u00e9l\u00e9gation de notre pays dirig\u00e9e par le secr\u00e9taire g\u00e9n\u00e9ral du minist\u00e8re des Affaires \u00e9conomiques et de la Promotion des Secteurs productifs, &hellip;<\/p>\n","protected":false},"author":2,"featured_media":5591,"comment_status":"open","ping_status":"open","sticky":false,"template":"","format":"standard","meta":{"footnotes":""},"categories":[18,2],"tags":[],"class_list":["post-5608","post","type-post","status-publish","format-standard","has-post-thumbnail","hentry","category-actualites","category-economie"],"_links":{"self":[{"href":"https:\/\/ladepeche.mr\/index.php?rest_route=\/wp\/v2\/posts\/5608","targetHints":{"allow":["GET"]}}],"collection":[{"href":"https:\/\/ladepeche.mr\/index.php?rest_route=\/wp\/v2\/posts"}],"about":[{"href":"https:\/\/ladepeche.mr\/index.php?rest_route=\/wp\/v2\/types\/post"}],"author":[{"embeddable":true,"href":"https:\/\/ladepeche.mr\/index.php?rest_route=\/wp\/v2\/users\/2"}],"replies":[{"embeddable":true,"href":"https:\/\/ladepeche.mr\/index.php?rest_route=%2Fwp%2Fv2%2Fcomments&post=5608"}],"version-history":[{"count":2,"href":"https:\/\/ladepeche.mr\/index.php?rest_route=\/wp\/v2\/posts\/5608\/revisions"}],"predecessor-version":[{"id":5610,"href":"https:\/\/ladepeche.mr\/index.php?rest_route=\/wp\/v2\/posts\/5608\/revisions\/5610"}],"wp:featuredmedia":[{"embeddable":true,"href":"https:\/\/ladepeche.mr\/index.php?rest_route=\/wp\/v2\/media\/5591"}],"wp:attachment":[{"href":"https:\/\/ladepeche.mr\/index.php?rest_route=%2Fwp%2Fv2%2Fmedia&parent=5608"}],"wp:term":[{"taxonomy":"category","embeddable":true,"href":"https:\/\/ladepeche.mr\/index.php?rest_route=%2Fwp%2Fv2%2Fcategories&post=5608"},{"taxonomy":"post_tag","embeddable":true,"href":"https:\/\/ladepeche.mr\/index.php?rest_route=%2Fwp%2Fv2%2Ftags&post=5608"}],"curies":[{"name":"wp","href":"https:\/\/api.w.org\/{rel}","templated":true}]}}