{"id":5616,"date":"2023-05-16T18:19:04","date_gmt":"2023-05-16T18:19:04","guid":{"rendered":"https:\/\/ladepeche.mr\/?p=5616"},"modified":"2023-05-16T18:22:24","modified_gmt":"2023-05-16T18:22:24","slug":"tension-politique-a-adel-baghrou-apres-les-scrutins-larmee-deployee-pour-tenir-en-respect-des-electeurs-furieux","status":"publish","type":"post","link":"https:\/\/ladepeche.mr\/?p=5616","title":{"rendered":"Tension politique \u00e0 Adel Baghrou apr\u00e8s les scrutins: L\u2019Arm\u00e9e d\u00e9ploy\u00e9e pour tenir en respect des \u00e9lecteurs furieux"},"content":{"rendered":"<p>Des soldats en faction dans le Hodh Charghi ont \u00e9t\u00e9 d\u00e9ploy\u00e9s aupr\u00e8s des bureaux de la commission \u00e9lectorale nationale ind\u00e9pendante (CENI) \u00e0 Adel Baghrou pour contenir des \u00e9lecteurs m\u00e9contents et qui accusent les repr\u00e9sentants de la CENI de favoriser un camp politique, peut-on constater dans une vid\u00e9o.<br \/>\nLes \u00e9lecteurs sont visiblement remont\u00e9s contre le repr\u00e9sentant de la CENI sur lequel ils dversent leur furie verbale mena\u00e7ant m\u00eame le pr\u00e9sident de la R\u00e9publique de ne pas b\u00e9n\u00e9ficier de leur vote en 2014.<br \/>\nLe climat d\u00e9let\u00e8re apr\u00e8s ces \u00e9lections est la cons\u00e9quence de la gestion approximative de la CENI des op\u00e9rations \u00e9lectorales dont elle a la charge l\u2019organisation.<br \/>\nLes r\u00e9sultats des \u00e9lections l\u00e9gislatives, r\u00e9gionales et d\u00e9partementales, organis\u00e9es il y a quatre jours maintenant, n\u2019ont pas encore encore \u00e9t\u00e9 officiellement livr\u00e9es.<\/p>\n","protected":false},"excerpt":{"rendered":"<p>Des soldats en faction dans le Hodh Charghi ont \u00e9t\u00e9 d\u00e9ploy\u00e9s aupr\u00e8s des bureaux de la commission \u00e9lectorale nationale ind\u00e9pendante (CENI) \u00e0 Adel Baghrou pour contenir des \u00e9lecteurs m\u00e9contents et qui accusent les repr\u00e9sentants de la CENI de favoriser un camp politique, peut-on constater dans une vid\u00e9o. Les \u00e9lecteurs sont visiblement remont\u00e9s contre le repr\u00e9sentant &hellip;<\/p>\n","protected":false},"author":2,"featured_media":5617,"comment_status":"open","ping_status":"open","sticky":false,"template":"","format":"standard","meta":{"footnotes":""},"categories":[18,33],"tags":[],"class_list":["post-5616","post","type-post","status-publish","format-standard","has-post-thumbnail","hentry","category-actualites","category-eg"],"_links":{"self":[{"href":"https:\/\/ladepeche.mr\/index.php?rest_route=\/wp\/v2\/posts\/5616","targetHints":{"allow":["GET"]}}],"collection":[{"href":"https:\/\/ladepeche.mr\/index.php?rest_route=\/wp\/v2\/posts"}],"about":[{"href":"https:\/\/ladepeche.mr\/index.php?rest_route=\/wp\/v2\/types\/post"}],"author":[{"embeddable":true,"href":"https:\/\/ladepeche.mr\/index.php?rest_route=\/wp\/v2\/users\/2"}],"replies":[{"embeddable":true,"href":"https:\/\/ladepeche.mr\/index.php?rest_route=%2Fwp%2Fv2%2Fcomments&post=5616"}],"version-history":[{"count":2,"href":"https:\/\/ladepeche.mr\/index.php?rest_route=\/wp\/v2\/posts\/5616\/revisions"}],"predecessor-version":[{"id":5619,"href":"https:\/\/ladepeche.mr\/index.php?rest_route=\/wp\/v2\/posts\/5616\/revisions\/5619"}],"wp:featuredmedia":[{"embeddable":true,"href":"https:\/\/ladepeche.mr\/index.php?rest_route=\/wp\/v2\/media\/5617"}],"wp:attachment":[{"href":"https:\/\/ladepeche.mr\/index.php?rest_route=%2Fwp%2Fv2%2Fmedia&parent=5616"}],"wp:term":[{"taxonomy":"category","embeddable":true,"href":"https:\/\/ladepeche.mr\/index.php?rest_route=%2Fwp%2Fv2%2Fcategories&post=5616"},{"taxonomy":"post_tag","embeddable":true,"href":"https:\/\/ladepeche.mr\/index.php?rest_route=%2Fwp%2Fv2%2Ftags&post=5616"}],"curies":[{"name":"wp","href":"https:\/\/api.w.org\/{rel}","templated":true}]}}