{"id":5623,"date":"2023-05-17T14:13:01","date_gmt":"2023-05-17T14:13:01","guid":{"rendered":"https:\/\/ladepeche.mr\/?p=5623"},"modified":"2023-05-17T14:13:31","modified_gmt":"2023-05-17T14:13:31","slug":"politique-biram-appelle-a-faire-prevaloir-la-raison","status":"publish","type":"post","link":"https:\/\/ladepeche.mr\/?p=5623","title":{"rendered":"Politique: Biram appelle \u00e0 faire pr\u00e9valoir la raison!"},"content":{"rendered":"<p>Le candidat Sawab et leader d&#8217;Ira Mauritanie, Biram Dah Abeid, a appell\u00e9 mardi \u00e0 faire pr\u00e9valoir la raison et la s\u00e9curit\u00e9 dans le pays apr\u00e8s des manifestations contre les r\u00e9sultats des \u00e9lections g\u00e9n\u00e9rales organis\u00e9es samedi dans le pays. Lors d&#8217;une conf\u00e9rence de presse, organis\u00e9e sur la situation post-\u00e9lectorale, le pr\u00e9sident d&#8217;Ira Mauritanie a n\u00e9anmoins critiqu\u00e9 les conditions d&#8217;organisation des derni\u00e8res \u00e9lections accusant la CENI d&#8217;avoir failli \u00e0 sa mission. Biram a, par ailleurs, appel\u00e9 le pr\u00e9sident Mohamed Ghzaouani pour &#8220;sauver ce qui pouvait l&#8217;\u00eatre encore&#8221; accusant son entourage et d&#8217;autres cercles de susciter la crise politique. M\u00eame s&#8217;il dit se retenir de commenter une \u00e9lection dont le d\u00e9pouillement se porusuivait encore, le candidat Sawab a estim\u00e9 que ces \u00e9lections \u00e9taient &#8220;une mascarade&#8221; et qu&#8217;elles \u00e9taient &#8220;souill\u00e9es&#8221; par l&#8217;ampleur de la fraude.<br \/>\nLe pr\u00e9sident d&#8217;Ira qui a rappel\u00e9 que son parti Sawab avait boud\u00e9 les concertations avec le r\u00e9gime y voyant un pi\u00e8ge tendu a cependant salu\u00e9 la position de l&#8217;opposition d\u00e9mocratique pour sa nouvelle stature &#8220;loin du r\u00e9gime&#8221;.<\/p>\n","protected":false},"excerpt":{"rendered":"<p>Le candidat Sawab et leader d&#8217;Ira Mauritanie, Biram Dah Abeid, a appell\u00e9 mardi \u00e0 faire pr\u00e9valoir la raison et la s\u00e9curit\u00e9 dans le pays apr\u00e8s des manifestations contre les r\u00e9sultats des \u00e9lections g\u00e9n\u00e9rales organis\u00e9es samedi dans le pays. Lors d&#8217;une conf\u00e9rence de presse, organis\u00e9e sur la situation post-\u00e9lectorale, le pr\u00e9sident d&#8217;Ira Mauritanie a n\u00e9anmoins critiqu\u00e9 &hellip;<\/p>\n","protected":false},"author":2,"featured_media":5624,"comment_status":"open","ping_status":"open","sticky":false,"template":"","format":"standard","meta":{"footnotes":""},"categories":[18,33],"tags":[],"class_list":["post-5623","post","type-post","status-publish","format-standard","has-post-thumbnail","hentry","category-actualites","category-eg"],"_links":{"self":[{"href":"https:\/\/ladepeche.mr\/index.php?rest_route=\/wp\/v2\/posts\/5623","targetHints":{"allow":["GET"]}}],"collection":[{"href":"https:\/\/ladepeche.mr\/index.php?rest_route=\/wp\/v2\/posts"}],"about":[{"href":"https:\/\/ladepeche.mr\/index.php?rest_route=\/wp\/v2\/types\/post"}],"author":[{"embeddable":true,"href":"https:\/\/ladepeche.mr\/index.php?rest_route=\/wp\/v2\/users\/2"}],"replies":[{"embeddable":true,"href":"https:\/\/ladepeche.mr\/index.php?rest_route=%2Fwp%2Fv2%2Fcomments&post=5623"}],"version-history":[{"count":1,"href":"https:\/\/ladepeche.mr\/index.php?rest_route=\/wp\/v2\/posts\/5623\/revisions"}],"predecessor-version":[{"id":5625,"href":"https:\/\/ladepeche.mr\/index.php?rest_route=\/wp\/v2\/posts\/5623\/revisions\/5625"}],"wp:featuredmedia":[{"embeddable":true,"href":"https:\/\/ladepeche.mr\/index.php?rest_route=\/wp\/v2\/media\/5624"}],"wp:attachment":[{"href":"https:\/\/ladepeche.mr\/index.php?rest_route=%2Fwp%2Fv2%2Fmedia&parent=5623"}],"wp:term":[{"taxonomy":"category","embeddable":true,"href":"https:\/\/ladepeche.mr\/index.php?rest_route=%2Fwp%2Fv2%2Fcategories&post=5623"},{"taxonomy":"post_tag","embeddable":true,"href":"https:\/\/ladepeche.mr\/index.php?rest_route=%2Fwp%2Fv2%2Ftags&post=5623"}],"curies":[{"name":"wp","href":"https:\/\/api.w.org\/{rel}","templated":true}]}}