{"id":5643,"date":"2023-05-20T18:14:56","date_gmt":"2023-05-20T18:14:56","guid":{"rendered":"https:\/\/ladepeche.mr\/?p=5643"},"modified":"2023-05-20T18:15:08","modified_gmt":"2023-05-20T18:15:08","slug":"des-partis-de-lopposition-democratique-organisent-une-conference-de-presse","status":"publish","type":"post","link":"https:\/\/ladepeche.mr\/?p=5643","title":{"rendered":"Des partis de l\u2019opposition d\u00e9mocratique organisent une conf\u00e9rence de presse"},"content":{"rendered":"<p>Certains partis de l\u2019opposition d\u00e9mocratique ont organis\u00e9, vendredi \u00e0 Nouakchott, une conf\u00e9rence de presse au cours de laquelle ils ont pr\u00e9sent\u00e9 leurs vision par rapport aux \u00e9lections municipales, l\u00e9gislatives et r\u00e9gionales qui se sont d\u00e9roul\u00e9es le 13 courant.<\/p>\n<p>Dans un communiqu\u00e9 diffus\u00e9 lors de la conf\u00e9rence de presse, ils ont indiqu\u00e9 qu\u2019ils constitueront une commission juridique pour pr\u00e9parer le dossier des recours relatif au processus \u00e9lectoral, appelant \u00e0 une r\u00e9union d\u2019urgence de la commission de suivi, compos\u00e9e des partis politiques, du minist\u00e8re de l\u2019Int\u00e9rieur et la d\u00e9centralisation, et de la Commission \u00e9lectorale nationale ind\u00e9pendante.<\/p>\n<p>Le communiqu\u00e9 pr\u00e9cise que ces partis organiseront un meeting pour expliquer leur point de vue sur ces \u00e9lections.<br \/>\nAmi<\/p>\n","protected":false},"excerpt":{"rendered":"<p>Certains partis de l\u2019opposition d\u00e9mocratique ont organis\u00e9, vendredi \u00e0 Nouakchott, une conf\u00e9rence de presse au cours de laquelle ils ont pr\u00e9sent\u00e9 leurs vision par rapport aux \u00e9lections municipales, l\u00e9gislatives et r\u00e9gionales qui se sont d\u00e9roul\u00e9es le 13 courant. Dans un communiqu\u00e9 diffus\u00e9 lors de la conf\u00e9rence de presse, ils ont indiqu\u00e9 qu\u2019ils constitueront une commission &hellip;<\/p>\n","protected":false},"author":2,"featured_media":5644,"comment_status":"open","ping_status":"open","sticky":false,"template":"","format":"standard","meta":{"footnotes":""},"categories":[18,33],"tags":[],"class_list":["post-5643","post","type-post","status-publish","format-standard","has-post-thumbnail","hentry","category-actualites","category-eg"],"_links":{"self":[{"href":"https:\/\/ladepeche.mr\/index.php?rest_route=\/wp\/v2\/posts\/5643","targetHints":{"allow":["GET"]}}],"collection":[{"href":"https:\/\/ladepeche.mr\/index.php?rest_route=\/wp\/v2\/posts"}],"about":[{"href":"https:\/\/ladepeche.mr\/index.php?rest_route=\/wp\/v2\/types\/post"}],"author":[{"embeddable":true,"href":"https:\/\/ladepeche.mr\/index.php?rest_route=\/wp\/v2\/users\/2"}],"replies":[{"embeddable":true,"href":"https:\/\/ladepeche.mr\/index.php?rest_route=%2Fwp%2Fv2%2Fcomments&post=5643"}],"version-history":[{"count":1,"href":"https:\/\/ladepeche.mr\/index.php?rest_route=\/wp\/v2\/posts\/5643\/revisions"}],"predecessor-version":[{"id":5645,"href":"https:\/\/ladepeche.mr\/index.php?rest_route=\/wp\/v2\/posts\/5643\/revisions\/5645"}],"wp:featuredmedia":[{"embeddable":true,"href":"https:\/\/ladepeche.mr\/index.php?rest_route=\/wp\/v2\/media\/5644"}],"wp:attachment":[{"href":"https:\/\/ladepeche.mr\/index.php?rest_route=%2Fwp%2Fv2%2Fmedia&parent=5643"}],"wp:term":[{"taxonomy":"category","embeddable":true,"href":"https:\/\/ladepeche.mr\/index.php?rest_route=%2Fwp%2Fv2%2Fcategories&post=5643"},{"taxonomy":"post_tag","embeddable":true,"href":"https:\/\/ladepeche.mr\/index.php?rest_route=%2Fwp%2Fv2%2Ftags&post=5643"}],"curies":[{"name":"wp","href":"https:\/\/api.w.org\/{rel}","templated":true}]}}