{"id":5646,"date":"2023-05-20T18:17:53","date_gmt":"2023-05-20T18:17:53","guid":{"rendered":"https:\/\/ladepeche.mr\/?p=5646"},"modified":"2023-05-20T18:17:53","modified_gmt":"2023-05-20T18:17:53","slug":"demarrage-de-la-quatrieme-edition-du-festival-dajar-pour-la-culture-et-le-developpement","status":"publish","type":"post","link":"https:\/\/ladepeche.mr\/?p=5646","title":{"rendered":"D\u00e9marrage de la quatri\u00e8me \u00e9dition du Festival d\u2019Ajar pour la culture et le d\u00e9veloppement"},"content":{"rendered":"<p>Le wali du Guidimagha, M. Ahmed Ould Mohamed Mahmoud Ould Deh, a supervis\u00e9, vendredi soir, dans la commune d\u2019Ajar, le lancement des activit\u00e9s de la quatri\u00e8me \u00e9dition du Festival d\u2019Ajar organis\u00e9 par l\u2019Association des jeunes d\u2019Ajar pour la culture et le d\u00e9veloppement.<\/p>\n<p>Le festival comprend une vari\u00e9t\u00e9 d\u2019activit\u00e9s culturelles et sportives, dont des marathons, des soir\u00e9es folkloriques et une caravane de sant\u00e9 anim\u00e9e par un groupe de m\u00e9decins et de sp\u00e9cialistes.<\/p>\n<p>A cette occasion, le wali a indiqu\u00e9 que le gouvernement d\u00e9ploie de grands efforts pour restaurer le r\u00f4le historique de la Mauritanie en tant que phare du savoir et source de connaissances dans le monde islamique, mentionnant la d\u00e9signation de Nouakchott comme capitale de la culture du monde islamique 2023, les activit\u00e9s importantes qui ont accompagn\u00e9 cet \u00e9v\u00e9nement et la r\u00e9\u00e9lection de notre pays pour un second mandat \u00e0 la t\u00eate de l\u2019organisation arabe pour l\u2019\u00e9ducation, la culture et la science (ALESCO), ainsi que l\u2019organisation d\u2019un certain nombre de grands festivals, dont les cit\u00e9s du patrimoine et le Festival de Dj\u00e9ol, qui a abouti \u00e0 l\u2019appel historique sign\u00e9 par Son Excellence le Pr\u00e9sident de la R\u00e9publique et visant \u00e0 consolider et \u00e0 renforcer la coh\u00e9sion nationale, \u00e0 rejeter les discriminations et \u00e0 promouvoir les valeurs du civisme.<\/p>\n<p>A son tour, le maire de la commune d\u2019Ajar, M. Adama Drame, a salu\u00e9 l\u2019organisation de ce festival d\u2019Ajar, expliquant que l\u2019action culturelle est un lien entre les couches de la soci\u00e9t\u00e9 pour consolider les valeurs culturelles et renforcer l\u2019unit\u00e9 nationale et la coh\u00e9sion sociale.<\/p>\n<p>Pour sa part, le pr\u00e9sident du festival, M. Soumar\u00e9 Dabi, a soulign\u00e9 l\u2019importance des activit\u00e9s culturelles dans le renforcement de l\u2019unit\u00e9 nationale et la consolidation de la coh\u00e9sion sociale.<\/p>\n<p>Il a indiqu\u00e9 que la quatri\u00e8me \u00e9dition du Festival Ajar a pour objectif de consolider les valeurs de culture et de tol\u00e9rance et \u00e0 renforcer l\u2019unit\u00e9 nationale en r\u00e9ponse aux appels de Son Excellence le Pr\u00e9sident de la R\u00e9publique \u00e0 Tichit, \u00e0 Ouadane et \u00e0 Dj\u00e9ol.<\/p>\n<p>Les repr\u00e9sentants des jeunes et des femmes et l\u2019envoy\u00e9 du chef du village ont, tour \u00e0 tour, souhait\u00e9 la bienvenue \u00e0 la d\u00e9l\u00e9gation et appr\u00e9ci\u00e9 l\u2019organisation du festival.<\/p>\n<p>La c\u00e9r\u00e9monie de d\u00e9marrage des activit\u00e9s du festival s\u2019est d\u00e9roul\u00e9e en pr\u00e9sence d\u2019un charg\u00e9 de mission du minist\u00e8re de la Culture, de la Jeunesse, des Sports et des Relations avec le Parlement, du vice-Pr\u00e9sident du conseil r\u00e9gional, du hakem de la moughataa, du directeur r\u00e9gional de la culture, de la jeunesse, des sports et des relations avec le parlement, du directeur de la filiale de la Banque nationale de Mauritanie et des repr\u00e9sentants des autorit\u00e9s militaires et s\u00e9curitaires de la wilaya.<br \/>\nAmi<\/p>\n","protected":false},"excerpt":{"rendered":"<p>Le wali du Guidimagha, M. Ahmed Ould Mohamed Mahmoud Ould Deh, a supervis\u00e9, vendredi soir, dans la commune d\u2019Ajar, le lancement des activit\u00e9s de la quatri\u00e8me \u00e9dition du Festival d\u2019Ajar organis\u00e9 par l\u2019Association des jeunes d\u2019Ajar pour la culture et le d\u00e9veloppement. Le festival comprend une vari\u00e9t\u00e9 d\u2019activit\u00e9s culturelles et sportives, dont des marathons, des &hellip;<\/p>\n","protected":false},"author":2,"featured_media":5647,"comment_status":"open","ping_status":"open","sticky":false,"template":"","format":"standard","meta":{"footnotes":""},"categories":[15],"tags":[],"class_list":["post-5646","post","type-post","status-publish","format-standard","has-post-thumbnail","hentry","category-culture"],"_links":{"self":[{"href":"https:\/\/ladepeche.mr\/index.php?rest_route=\/wp\/v2\/posts\/5646","targetHints":{"allow":["GET"]}}],"collection":[{"href":"https:\/\/ladepeche.mr\/index.php?rest_route=\/wp\/v2\/posts"}],"about":[{"href":"https:\/\/ladepeche.mr\/index.php?rest_route=\/wp\/v2\/types\/post"}],"author":[{"embeddable":true,"href":"https:\/\/ladepeche.mr\/index.php?rest_route=\/wp\/v2\/users\/2"}],"replies":[{"embeddable":true,"href":"https:\/\/ladepeche.mr\/index.php?rest_route=%2Fwp%2Fv2%2Fcomments&post=5646"}],"version-history":[{"count":1,"href":"https:\/\/ladepeche.mr\/index.php?rest_route=\/wp\/v2\/posts\/5646\/revisions"}],"predecessor-version":[{"id":5648,"href":"https:\/\/ladepeche.mr\/index.php?rest_route=\/wp\/v2\/posts\/5646\/revisions\/5648"}],"wp:featuredmedia":[{"embeddable":true,"href":"https:\/\/ladepeche.mr\/index.php?rest_route=\/wp\/v2\/media\/5647"}],"wp:attachment":[{"href":"https:\/\/ladepeche.mr\/index.php?rest_route=%2Fwp%2Fv2%2Fmedia&parent=5646"}],"wp:term":[{"taxonomy":"category","embeddable":true,"href":"https:\/\/ladepeche.mr\/index.php?rest_route=%2Fwp%2Fv2%2Fcategories&post=5646"},{"taxonomy":"post_tag","embeddable":true,"href":"https:\/\/ladepeche.mr\/index.php?rest_route=%2Fwp%2Fv2%2Ftags&post=5646"}],"curies":[{"name":"wp","href":"https:\/\/api.w.org\/{rel}","templated":true}]}}