{"id":5655,"date":"2023-05-21T13:45:22","date_gmt":"2023-05-21T13:45:22","guid":{"rendered":"https:\/\/ladepeche.mr\/?p=5655"},"modified":"2023-05-21T13:46:21","modified_gmt":"2023-05-21T13:46:21","slug":"rimatel-et-orange-nouvelle-ligne-de-miel","status":"publish","type":"post","link":"https:\/\/ladepeche.mr\/?p=5655","title":{"rendered":"Rimatel et Orange: nouvelle &#8220;ligne&#8221; de miel"},"content":{"rendered":"<p>RIMATEL S.A, soci\u00e9t\u00e9 mauritanienne de t\u00e9l\u00e9communication (NGN), et l\u2019op\u00e9rateur de t\u00e9l\u00e9phonie Orange ont r\u00e9cemment sign\u00e9 une convention par laquelle ce dernier fournira \u00e0 Rimatel un lien international direct avec l\u2019Europe sur le r\u00e9seau international via le c\u00e2ble sous-marin<br \/>\nLa convention a \u00e9t\u00e9 sign\u00e9e par le directeur technique de Rimatel, Mohamed Mahmoud Ould Tolba et Laurent Deschaintre, responsable commercial de l\u2019op\u00e9rateur de t\u00e9l\u00e9phonie Orange pour l\u2019Afrique de l\u2019Ouest.<\/p>\n","protected":false},"excerpt":{"rendered":"<p>RIMATEL S.A, soci\u00e9t\u00e9 mauritanienne de t\u00e9l\u00e9communication (NGN), et l\u2019op\u00e9rateur de t\u00e9l\u00e9phonie Orange ont r\u00e9cemment sign\u00e9 une convention par laquelle ce dernier fournira \u00e0 Rimatel un lien international direct avec l\u2019Europe sur le r\u00e9seau international via le c\u00e2ble sous-marin La convention a \u00e9t\u00e9 sign\u00e9e par le directeur technique de Rimatel, Mohamed Mahmoud Ould Tolba et Laurent &hellip;<\/p>\n","protected":false},"author":2,"featured_media":5656,"comment_status":"open","ping_status":"open","sticky":false,"template":"","format":"standard","meta":{"footnotes":""},"categories":[18,2,25],"tags":[],"class_list":["post-5655","post","type-post","status-publish","format-standard","has-post-thumbnail","hentry","category-actualites","category-economie","category-en-forme"],"_links":{"self":[{"href":"https:\/\/ladepeche.mr\/index.php?rest_route=\/wp\/v2\/posts\/5655","targetHints":{"allow":["GET"]}}],"collection":[{"href":"https:\/\/ladepeche.mr\/index.php?rest_route=\/wp\/v2\/posts"}],"about":[{"href":"https:\/\/ladepeche.mr\/index.php?rest_route=\/wp\/v2\/types\/post"}],"author":[{"embeddable":true,"href":"https:\/\/ladepeche.mr\/index.php?rest_route=\/wp\/v2\/users\/2"}],"replies":[{"embeddable":true,"href":"https:\/\/ladepeche.mr\/index.php?rest_route=%2Fwp%2Fv2%2Fcomments&post=5655"}],"version-history":[{"count":2,"href":"https:\/\/ladepeche.mr\/index.php?rest_route=\/wp\/v2\/posts\/5655\/revisions"}],"predecessor-version":[{"id":5658,"href":"https:\/\/ladepeche.mr\/index.php?rest_route=\/wp\/v2\/posts\/5655\/revisions\/5658"}],"wp:featuredmedia":[{"embeddable":true,"href":"https:\/\/ladepeche.mr\/index.php?rest_route=\/wp\/v2\/media\/5656"}],"wp:attachment":[{"href":"https:\/\/ladepeche.mr\/index.php?rest_route=%2Fwp%2Fv2%2Fmedia&parent=5655"}],"wp:term":[{"taxonomy":"category","embeddable":true,"href":"https:\/\/ladepeche.mr\/index.php?rest_route=%2Fwp%2Fv2%2Fcategories&post=5655"},{"taxonomy":"post_tag","embeddable":true,"href":"https:\/\/ladepeche.mr\/index.php?rest_route=%2Fwp%2Fv2%2Ftags&post=5655"}],"curies":[{"name":"wp","href":"https:\/\/api.w.org\/{rel}","templated":true}]}}