{"id":5661,"date":"2023-05-21T15:35:07","date_gmt":"2023-05-21T15:35:07","guid":{"rendered":"https:\/\/ladepeche.mr\/?p=5661"},"modified":"2023-05-21T15:45:11","modified_gmt":"2023-05-21T15:45:11","slug":"politique-ahmed-ould-bahia-remis-en-selles","status":"publish","type":"post","link":"https:\/\/ladepeche.mr\/?p=5661","title":{"rendered":"Politique: Ahmed Ould Bahia remis en selles"},"content":{"rendered":"<p>L\u2019ancien ministre de l\u2019\u00e9ducation nationale et ex-directeur de cabinet de l\u2019ancien pr\u00e9sident (2011 \u00e0 2013), Ahmed Ould Bahia qui fut aussi ambassadeur en France et au Vatican (2019), reprend du service sous le magist\u00e8re du pr\u00e9sident Mohamed Ould Ghazaouni.<br \/>\nEn effet, l\u2019homme qui \u00e9tait soup\u00e7onn\u00e9 \u00eatre un proche parmi les proches de l\u2019ancien pr\u00e9sident, Mohamed Ould Abdelaziz, comparaissant aujourd\u2019hui devant la Justice, Ahmed Ould Bahia a \u00e9t\u00e9 nomm\u00e9 ambassadeur de notre pays au Maroc. Un poste rest\u00e9 vacant avec la nomination, en avril 2022, de l\u2019ancien ambassadeur, Mohamed El Amine Ould Aby Ould Cheikh El Hadrami, au gouvernement comme ministre de l\u2019Enseignement sup\u00e9rieur et de la Recherche scientifique.<br \/>\nIl h\u00e9rite d&#8217;une ambassade hautement strat\u00e9gique dans un pays o\u00f9 il a re\u00e7u sa formation universitaire ce qui lui imprime une confiance des autorit\u00e9s du pays.<\/p>\n","protected":false},"excerpt":{"rendered":"<p>L\u2019ancien ministre de l\u2019\u00e9ducation nationale et ex-directeur de cabinet de l\u2019ancien pr\u00e9sident (2011 \u00e0 2013), Ahmed Ould Bahia qui fut aussi ambassadeur en France et au Vatican (2019), reprend du service sous le magist\u00e8re du pr\u00e9sident Mohamed Ould Ghazaouni. En effet, l\u2019homme qui \u00e9tait soup\u00e7onn\u00e9 \u00eatre un proche parmi les proches de l\u2019ancien pr\u00e9sident, Mohamed &hellip;<\/p>\n","protected":false},"author":2,"featured_media":5662,"comment_status":"open","ping_status":"open","sticky":false,"template":"","format":"standard","meta":{"footnotes":""},"categories":[18,25],"tags":[],"class_list":["post-5661","post","type-post","status-publish","format-standard","has-post-thumbnail","hentry","category-actualites","category-en-forme"],"_links":{"self":[{"href":"https:\/\/ladepeche.mr\/index.php?rest_route=\/wp\/v2\/posts\/5661","targetHints":{"allow":["GET"]}}],"collection":[{"href":"https:\/\/ladepeche.mr\/index.php?rest_route=\/wp\/v2\/posts"}],"about":[{"href":"https:\/\/ladepeche.mr\/index.php?rest_route=\/wp\/v2\/types\/post"}],"author":[{"embeddable":true,"href":"https:\/\/ladepeche.mr\/index.php?rest_route=\/wp\/v2\/users\/2"}],"replies":[{"embeddable":true,"href":"https:\/\/ladepeche.mr\/index.php?rest_route=%2Fwp%2Fv2%2Fcomments&post=5661"}],"version-history":[{"count":4,"href":"https:\/\/ladepeche.mr\/index.php?rest_route=\/wp\/v2\/posts\/5661\/revisions"}],"predecessor-version":[{"id":5666,"href":"https:\/\/ladepeche.mr\/index.php?rest_route=\/wp\/v2\/posts\/5661\/revisions\/5666"}],"wp:featuredmedia":[{"embeddable":true,"href":"https:\/\/ladepeche.mr\/index.php?rest_route=\/wp\/v2\/media\/5662"}],"wp:attachment":[{"href":"https:\/\/ladepeche.mr\/index.php?rest_route=%2Fwp%2Fv2%2Fmedia&parent=5661"}],"wp:term":[{"taxonomy":"category","embeddable":true,"href":"https:\/\/ladepeche.mr\/index.php?rest_route=%2Fwp%2Fv2%2Fcategories&post=5661"},{"taxonomy":"post_tag","embeddable":true,"href":"https:\/\/ladepeche.mr\/index.php?rest_route=%2Fwp%2Fv2%2Ftags&post=5661"}],"curies":[{"name":"wp","href":"https:\/\/api.w.org\/{rel}","templated":true}]}}