{"id":5671,"date":"2023-05-24T10:52:26","date_gmt":"2023-05-24T10:52:26","guid":{"rendered":"https:\/\/ladepeche.mr\/?p=5671"},"modified":"2023-05-24T10:52:26","modified_gmt":"2023-05-24T10:52:26","slug":"telecommunications-mattel-de-mal-en-pis","status":"publish","type":"post","link":"https:\/\/ladepeche.mr\/?p=5671","title":{"rendered":"T\u00e9l\u00e9communications: Mattel, de mal en pis"},"content":{"rendered":"<p>D\u00e9j\u00e0 bien embras\u00e9e par le conflit de ses principaux actionnaires mauritaniens dont le litige a travers\u00e9 la fronti\u00e8re pour s\u2019exprimer \u00e0 travers les m\u00e9dias tunisiens, la Mattel fait montre d\u2019un service d\u00e9fectueux ces derniers jours. Une d\u00e9fectuosit\u00e9 qui frise, parfois, le vol \u00e0 la carte de recharge. Il est loisible, en effet, de faire face \u00e0 une \u00ab panne r\u00e9seau \u00bb quand on a d\u00e9j\u00e0 activ\u00e9 son cr\u00e9dit. Rien ne semble d\u00e9courager la boulimie des op\u00e9rateurs mobiles dans l\u2019arnaque contre les citoyens et les sanctions de l\u2019Are ne semblent pas malheureusement coercitives. Bien au contraire, les op\u00e9rateurs se rabattent de mil mani\u00e8res contre les consommateurs qui finalement tirent les marrons du feu.    <\/p>\n","protected":false},"excerpt":{"rendered":"<p>D\u00e9j\u00e0 bien embras\u00e9e par le conflit de ses principaux actionnaires mauritaniens dont le litige a travers\u00e9 la fronti\u00e8re pour s\u2019exprimer \u00e0 travers les m\u00e9dias tunisiens, la Mattel fait montre d\u2019un service d\u00e9fectueux ces derniers jours. Une d\u00e9fectuosit\u00e9 qui frise, parfois, le vol \u00e0 la carte de recharge. Il est loisible, en effet, de faire face &hellip;<\/p>\n","protected":false},"author":2,"featured_media":5672,"comment_status":"open","ping_status":"open","sticky":false,"template":"","format":"standard","meta":{"footnotes":""},"categories":[2,26],"tags":[],"class_list":["post-5671","post","type-post","status-publish","format-standard","has-post-thumbnail","hentry","category-economie","category-en-panne"],"_links":{"self":[{"href":"https:\/\/ladepeche.mr\/index.php?rest_route=\/wp\/v2\/posts\/5671","targetHints":{"allow":["GET"]}}],"collection":[{"href":"https:\/\/ladepeche.mr\/index.php?rest_route=\/wp\/v2\/posts"}],"about":[{"href":"https:\/\/ladepeche.mr\/index.php?rest_route=\/wp\/v2\/types\/post"}],"author":[{"embeddable":true,"href":"https:\/\/ladepeche.mr\/index.php?rest_route=\/wp\/v2\/users\/2"}],"replies":[{"embeddable":true,"href":"https:\/\/ladepeche.mr\/index.php?rest_route=%2Fwp%2Fv2%2Fcomments&post=5671"}],"version-history":[{"count":1,"href":"https:\/\/ladepeche.mr\/index.php?rest_route=\/wp\/v2\/posts\/5671\/revisions"}],"predecessor-version":[{"id":5673,"href":"https:\/\/ladepeche.mr\/index.php?rest_route=\/wp\/v2\/posts\/5671\/revisions\/5673"}],"wp:featuredmedia":[{"embeddable":true,"href":"https:\/\/ladepeche.mr\/index.php?rest_route=\/wp\/v2\/media\/5672"}],"wp:attachment":[{"href":"https:\/\/ladepeche.mr\/index.php?rest_route=%2Fwp%2Fv2%2Fmedia&parent=5671"}],"wp:term":[{"taxonomy":"category","embeddable":true,"href":"https:\/\/ladepeche.mr\/index.php?rest_route=%2Fwp%2Fv2%2Fcategories&post=5671"},{"taxonomy":"post_tag","embeddable":true,"href":"https:\/\/ladepeche.mr\/index.php?rest_route=%2Fwp%2Fv2%2Ftags&post=5671"}],"curies":[{"name":"wp","href":"https:\/\/api.w.org\/{rel}","templated":true}]}}