{"id":5680,"date":"2023-05-24T12:29:02","date_gmt":"2023-05-24T12:29:02","guid":{"rendered":"https:\/\/ladepeche.mr\/?p=5680"},"modified":"2023-05-24T12:33:59","modified_gmt":"2023-05-24T12:33:59","slug":"mauritanie-la-police-interpelle-le-depute-biram-abeid","status":"publish","type":"post","link":"https:\/\/ladepeche.mr\/?p=5680","title":{"rendered":"Mauritanie : La police interpelle le d\u00e9put\u00e9 Biram Abeid"},"content":{"rendered":"<p>La police mauritanienne a interpell\u00e9 mercredi le d\u00e9put\u00e9 Biram Dah Abeid, a-t-on appris de sources concordantes. L\u2019interpellation du d\u00e9put\u00e9 serait en rapport avec ses d\u00e9clarations \u00e0 l\u2019issue du d\u00e9pouillement des \u00e9lections g\u00e9n\u00e9rales organis\u00e9es le 13 mai dans le pays. Biram Dah Abeid dont le parti n\u2019a pas enregistr\u00e9 le score attendu avait soutenu, lors d&#8217;une conf\u00e9rence de presse \u00e0 ce sujet, que l\u2019opposition devrait \u00ab porter les armes \u00bb en cas de validation des scrutins qu\u2019il accuse de frauduleux et d&#8217;avoir \u00e9t\u00e9 tripatouill\u00e9s par la CENI.<br \/>\nDes \u00e9lections l\u00e9gislatives, r\u00e9gionales et municipales dont le premier tour a \u00e9t\u00e9 organis\u00e9 le 13 mai 2023 cr\u00e9ditent certaines formations dont celle de Biram Dah Abeid de scores marginaux.  <\/p>\n","protected":false},"excerpt":{"rendered":"<p>La police mauritanienne a interpell\u00e9 mercredi le d\u00e9put\u00e9 Biram Dah Abeid, a-t-on appris de sources concordantes. L\u2019interpellation du d\u00e9put\u00e9 serait en rapport avec ses d\u00e9clarations \u00e0 l\u2019issue du d\u00e9pouillement des \u00e9lections g\u00e9n\u00e9rales organis\u00e9es le 13 mai dans le pays. Biram Dah Abeid dont le parti n\u2019a pas enregistr\u00e9 le score attendu avait soutenu, lors d&#8217;une &hellip;<\/p>\n","protected":false},"author":2,"featured_media":5624,"comment_status":"open","ping_status":"open","sticky":false,"template":"","format":"standard","meta":{"footnotes":""},"categories":[18,33],"tags":[],"class_list":["post-5680","post","type-post","status-publish","format-standard","has-post-thumbnail","hentry","category-actualites","category-eg"],"_links":{"self":[{"href":"https:\/\/ladepeche.mr\/index.php?rest_route=\/wp\/v2\/posts\/5680","targetHints":{"allow":["GET"]}}],"collection":[{"href":"https:\/\/ladepeche.mr\/index.php?rest_route=\/wp\/v2\/posts"}],"about":[{"href":"https:\/\/ladepeche.mr\/index.php?rest_route=\/wp\/v2\/types\/post"}],"author":[{"embeddable":true,"href":"https:\/\/ladepeche.mr\/index.php?rest_route=\/wp\/v2\/users\/2"}],"replies":[{"embeddable":true,"href":"https:\/\/ladepeche.mr\/index.php?rest_route=%2Fwp%2Fv2%2Fcomments&post=5680"}],"version-history":[{"count":3,"href":"https:\/\/ladepeche.mr\/index.php?rest_route=\/wp\/v2\/posts\/5680\/revisions"}],"predecessor-version":[{"id":5683,"href":"https:\/\/ladepeche.mr\/index.php?rest_route=\/wp\/v2\/posts\/5680\/revisions\/5683"}],"wp:featuredmedia":[{"embeddable":true,"href":"https:\/\/ladepeche.mr\/index.php?rest_route=\/wp\/v2\/media\/5624"}],"wp:attachment":[{"href":"https:\/\/ladepeche.mr\/index.php?rest_route=%2Fwp%2Fv2%2Fmedia&parent=5680"}],"wp:term":[{"taxonomy":"category","embeddable":true,"href":"https:\/\/ladepeche.mr\/index.php?rest_route=%2Fwp%2Fv2%2Fcategories&post=5680"},{"taxonomy":"post_tag","embeddable":true,"href":"https:\/\/ladepeche.mr\/index.php?rest_route=%2Fwp%2Fv2%2Ftags&post=5680"}],"curies":[{"name":"wp","href":"https:\/\/api.w.org\/{rel}","templated":true}]}}