{"id":5698,"date":"2023-05-24T20:12:36","date_gmt":"2023-05-24T20:12:36","guid":{"rendered":"https:\/\/ladepeche.mr\/?p=5698"},"modified":"2023-05-24T20:13:58","modified_gmt":"2023-05-24T20:13:58","slug":"communique-du-conseil-des-ministres-du-mercredi-24-mai-2023","status":"publish","type":"post","link":"https:\/\/ladepeche.mr\/?p=5698","title":{"rendered":"Gouvernement: Communiqu\u00e9 du Conseil des Ministres du mercredi 24 mai 2023"},"content":{"rendered":"<p> Le Conseil des ministres s\u2019est r\u00e9uni le mercredi 24 mai 2023, sous la pr\u00e9sidence de Son Excellence Monsieur le Pr\u00e9sident de la R\u00e9publique, Mohamed Ould Cheikh El Ghazouani.<\/p>\n<p>Le Conseil a examin\u00e9 et approuv\u00e9 les projets de lois suivants :<\/p>\n<p>\u2013 Projet de loi autorisant la ratification de la convention relative \u00e0 l\u2019entraide judiciaire en mati\u00e8re p\u00e9nale entre le Gouvernement de la R\u00e9publique Islamique de Mauritanie et le Gouvernement de la R\u00e9publique Alg\u00e9rienne D\u00e9mocratique et Populaire, sign\u00e9e \u00e0 Nouakchott le 14 septembre 2022.<\/p>\n<p>Cet accord \u00e9tablit le cadre juridique de coop\u00e9ration judiciaire entre les deux pays dans le domaine p\u00e9nal, et permet une coop\u00e9ration mutuelle dans les conditions et r\u00e8gles pr\u00e9cis\u00e9es dans les dispositifs de l\u2019accord, en ce qui concerne les proc\u00e9dures p\u00e9nales, qui rel\u00e8vent de la comp\u00e9tence des autorit\u00e9s judiciaires des deux pays.<\/p>\n<p>\u2013 Projet de loi autorisant la ratification de la convention relative \u00e0 l\u2019entraide judiciaire en mati\u00e8re civile et commerciale entre le Gouvernement de la R\u00e9publique Islamique de Mauritanie et le Gouvernement de la R\u00e9publique Alg\u00e9rienne D\u00e9mocratique et Populaire, sign\u00e9e \u00e0 Nouakchott le 14 septembre 2022.<\/p>\n<p>Cet accord vise \u00e0 \u00e9tablir le cadre juridique de coop\u00e9ration judiciaire entre les deux pays dans le domaine des mati\u00e8res civiles et commerciales, l\u2019\u00e9change r\u00e9gulier des informations sur la r\u00e9glementation judiciaire et l\u00e9gislative. Dans ce cadre, les citoyens de chacun des deux pays b\u00e9n\u00e9ficieront sur les deux territoires de la m\u00eame protection juridique, en ce qui concerne leurs droits personnels et financiers.<\/p>\n<p>\u2013 Projet de loi autorisant la ratification de la convention relative \u00e0 l\u2019extradition entre le Gouvernement de la R\u00e9publique Islamique de Mauritanie et le Gouvernement de la R\u00e9publique Alg\u00e9rienne D\u00e9mocratique et Populaire, sign\u00e9e \u00e0 Nouakchott le 14 septembre 2022.<\/p>\n<p>Le pr\u00e9sent accord vient \u00e9tablir le cadre juridique de coop\u00e9ration judiciaire entre les deux pays en mati\u00e8re d\u2019extradition, par lequel chaque pays s\u2019engage \u00e0 remettre \u00e0 l\u2019autre, sur demande, et conform\u00e9ment aux dispositions du pr\u00e9sent accord, les personnes recherch\u00e9es se trouvant sur son territoire, ainsi que ceux \u00e0 l\u2019encontre desquels une mesure privative de libert\u00e9 a \u00e9t\u00e9 prononc\u00e9e par l\u2019autorit\u00e9 judiciaire dans le cadre d\u2019une poursuite p\u00e9nale ou d\u2019un jugement d\u00e9finitif de condamnation.<\/p>\n<p>Cet accord renforcera la coop\u00e9ration entre les deux pays afin de r\u00e9primer la criminalit\u00e9 dans le respect mutuel de la souverainet\u00e9, de l\u2019\u00e9galit\u00e9 et du b\u00e9n\u00e9fice mutuel.<\/p>\n<p>Ces trois accords viennent d\u2019une part, combler le vide l\u00e9gislatif dans le domaine de la coop\u00e9ration judiciaire entre les deux pays, en raison de l\u2019absence d\u2019exigences l\u00e9gales r\u00e9glementant ce domaine, et d\u2019autre part, contribuer \u00e0 actualiser et reformuler l\u2019accord de coop\u00e9ration judiciaire conclu entre les deux pays, sign\u00e9 \u00e0 Nouakchott le 03 d\u00e9cembre 1969.<\/p>\n<p>Le ministre des Affaires Etrang\u00e8res, de la Coop\u00e9ration et des Mauritaniens de l\u2019Ext\u00e9rieur a pr\u00e9sent\u00e9 une communication relative \u00e0 la situation internationale.<\/p>\n<p>Le ministre de l\u2019Int\u00e9rieur et de la D\u00e9centralisation a pr\u00e9sent\u00e9 une communication relative \u00e0 la situation int\u00e9rieure.<\/p>\n<p>Ami<\/p>\n","protected":false},"excerpt":{"rendered":"<p>Le Conseil des ministres s\u2019est r\u00e9uni le mercredi 24 mai 2023, sous la pr\u00e9sidence de Son Excellence Monsieur le Pr\u00e9sident de la R\u00e9publique, Mohamed Ould Cheikh El Ghazouani. Le Conseil a examin\u00e9 et approuv\u00e9 les projets de lois suivants : \u2013 Projet de loi autorisant la ratification de la convention relative \u00e0 l\u2019entraide judiciaire en &hellip;<\/p>\n","protected":false},"author":2,"featured_media":5702,"comment_status":"open","ping_status":"open","sticky":false,"template":"","format":"standard","meta":{"footnotes":""},"categories":[18],"tags":[],"class_list":["post-5698","post","type-post","status-publish","format-standard","has-post-thumbnail","hentry","category-actualites"],"_links":{"self":[{"href":"https:\/\/ladepeche.mr\/index.php?rest_route=\/wp\/v2\/posts\/5698","targetHints":{"allow":["GET"]}}],"collection":[{"href":"https:\/\/ladepeche.mr\/index.php?rest_route=\/wp\/v2\/posts"}],"about":[{"href":"https:\/\/ladepeche.mr\/index.php?rest_route=\/wp\/v2\/types\/post"}],"author":[{"embeddable":true,"href":"https:\/\/ladepeche.mr\/index.php?rest_route=\/wp\/v2\/users\/2"}],"replies":[{"embeddable":true,"href":"https:\/\/ladepeche.mr\/index.php?rest_route=%2Fwp%2Fv2%2Fcomments&post=5698"}],"version-history":[{"count":2,"href":"https:\/\/ladepeche.mr\/index.php?rest_route=\/wp\/v2\/posts\/5698\/revisions"}],"predecessor-version":[{"id":5701,"href":"https:\/\/ladepeche.mr\/index.php?rest_route=\/wp\/v2\/posts\/5698\/revisions\/5701"}],"wp:featuredmedia":[{"embeddable":true,"href":"https:\/\/ladepeche.mr\/index.php?rest_route=\/wp\/v2\/media\/5702"}],"wp:attachment":[{"href":"https:\/\/ladepeche.mr\/index.php?rest_route=%2Fwp%2Fv2%2Fmedia&parent=5698"}],"wp:term":[{"taxonomy":"category","embeddable":true,"href":"https:\/\/ladepeche.mr\/index.php?rest_route=%2Fwp%2Fv2%2Fcategories&post=5698"},{"taxonomy":"post_tag","embeddable":true,"href":"https:\/\/ladepeche.mr\/index.php?rest_route=%2Fwp%2Fv2%2Ftags&post=5698"}],"curies":[{"name":"wp","href":"https:\/\/api.w.org\/{rel}","templated":true}]}}