{"id":5721,"date":"2023-05-25T21:56:11","date_gmt":"2023-05-25T21:56:11","guid":{"rendered":"https:\/\/ladepeche.mr\/?p=5721"},"modified":"2023-05-26T09:53:35","modified_gmt":"2023-05-26T09:53:35","slug":"defense-de-bda-communique","status":"publish","type":"post","link":"https:\/\/ladepeche.mr\/?p=5721","title":{"rendered":"D\u00e9fense de BDA: communiqu\u00e9"},"content":{"rendered":"<p>COMMUNIQUE<br \/>\n Le pool d&#8217;avocats engag\u00e9s \u00e0 d\u00e9fendre le chef du Mouvement IRA et d\u00e9put\u00e9 \u00e0 l&#8217;Assembl\u00e9e nationale, \u00e9lu le 13 mai 2023, M. Biram Dah Abeid, arr\u00eat\u00e9, arbitrairement, dans la matin\u00e9e du mercredi 24 mai 2023, d\u00e9clare :<br \/>\nL&#8217;arrestation du d\u00e9put\u00e9 Biram Dah Abeid, \u00e0 son domicile, dans la matin\u00e9e du mercredi 24 mai 2023, \u00e9tait ill\u00e9gale et en violation de l&#8217;article 50 de la constitution mauritanienne qui stipule qu\u2019 \u00ab Aucun membre du Parlement ne peut \u00eatre poursuivi, recherch\u00e9, arr\u00eat\u00e9, d\u00e9tenu ou jug\u00e9 \u00e0 l&#8217;occasion des opinions ou des votes \u00e9mis par lui dans l&#8217;exercice de ses fonctions. \u00bb et l\u2019article ajoute : \u00abAucun membre du Parlement ne peut, hors session, \u00eatre arr\u00eat\u00e9 qu&#8217;avec l&#8217;autorisation du bureau de l&#8217;Assembl\u00e9e dont il fait partie&#8230; \u00bb.<br \/>\nLe d\u00e9put\u00e9 Biram Dah Abeid a parfaitement le droit, en tant que simple citoyen, d&#8217;exprimer son opinion conform\u00e9ment \u00e0 l&#8217;article 10 de la Constitution, qui oblige l&#8217;\u00c9tat \u00e0 garantir la libert\u00e9 d&#8217;opinion et d&#8217;expression. Comme homme politique et d\u00e9put\u00e9 \u00e0 l&#8217;Assembl\u00e9e nationale, il a le droit, comme sa responsabilit\u00e9 le lui impose, de conseiller et d&#8217;orienter l&#8217;autorit\u00e9 ex\u00e9cutive et politique pour ce qu\u2019 il estime \u00eatre le plus ad\u00e9quat et le plus<br \/>\nsage pour le bien public, selon l&#8217;article 11 de la Constitution<br \/>\nEtant donn\u00e9 qu&#8217;aux termes du deuxi\u00e8me alin\u00e9a de l&#8217;article 13 de la Constitution, nul ne peut \u00eatre poursuivi, arr\u00eat\u00e9, d\u00e9tenu ou puni que dans le cas d\u00e9termin\u00e9 par la loi et selon les formes qu&#8217;elle prescrit, et que l&#8217;article 50 de la Constitution, qui est le texte de loi le plus \u00e9lev\u00e9, pr\u00e9cise qu\u2019 \u00ab aucun membre du Parlement ne peut \u00eatre poursuivi, recherch\u00e9, arr\u00eat\u00e9, d\u00e9tenu ou jug\u00e9 \u00e0 l&#8217;occasion des opinions ou des votes \u00e9mis par lui &#8230;\u00bb<br \/>\nPour toutes les consid\u00e9rations pr\u00e9c\u00e9dentes, nous pensons que l&#8217;arrestation d&#8217;un d\u00e9put\u00e9, d&#8217;un homme politique et d&#8217;un militant des droits de l&#8217;homme sans base l\u00e9gale n&#8217;est pas appropri\u00e9e pour un \u00c9tat de droit comme l\u2019est notre ch\u00e8re patrie, et qu\u2019il s\u2019agit l\u00e0 d\u2019une erreur qu&#8217;il faut corriger imm\u00e9diatement.<br \/>\nNous exigeons donc la lib\u00e9ration imm\u00e9diate du d\u00e9put\u00e9 Biram Dah Abeid par respect de la constitution et des lois de la R\u00e9publique Islamique de Mauritanie.<br \/>\nLe b\u00e2tonnier : Me Cheikh Ould Hindi<br \/>\nMe Zaied Elmouslimin ben Ma\u2019elainin<br \/>\nMe Ahmed Ould Ely<\/p>\n","protected":false},"excerpt":{"rendered":"<p>COMMUNIQUE Le pool d&#8217;avocats engag\u00e9s \u00e0 d\u00e9fendre le chef du Mouvement IRA et d\u00e9put\u00e9 \u00e0 l&#8217;Assembl\u00e9e nationale, \u00e9lu le 13 mai 2023, M. Biram Dah Abeid, arr\u00eat\u00e9, arbitrairement, dans la matin\u00e9e du mercredi 24 mai 2023, d\u00e9clare : L&#8217;arrestation du d\u00e9put\u00e9 Biram Dah Abeid, \u00e0 son domicile, dans la matin\u00e9e du mercredi 24 mai 2023, &hellip;<\/p>\n","protected":false},"author":2,"featured_media":5171,"comment_status":"open","ping_status":"open","sticky":false,"template":"","format":"standard","meta":{"footnotes":""},"categories":[18,33],"tags":[],"class_list":["post-5721","post","type-post","status-publish","format-standard","has-post-thumbnail","hentry","category-actualites","category-eg"],"_links":{"self":[{"href":"https:\/\/ladepeche.mr\/index.php?rest_route=\/wp\/v2\/posts\/5721","targetHints":{"allow":["GET"]}}],"collection":[{"href":"https:\/\/ladepeche.mr\/index.php?rest_route=\/wp\/v2\/posts"}],"about":[{"href":"https:\/\/ladepeche.mr\/index.php?rest_route=\/wp\/v2\/types\/post"}],"author":[{"embeddable":true,"href":"https:\/\/ladepeche.mr\/index.php?rest_route=\/wp\/v2\/users\/2"}],"replies":[{"embeddable":true,"href":"https:\/\/ladepeche.mr\/index.php?rest_route=%2Fwp%2Fv2%2Fcomments&post=5721"}],"version-history":[{"count":1,"href":"https:\/\/ladepeche.mr\/index.php?rest_route=\/wp\/v2\/posts\/5721\/revisions"}],"predecessor-version":[{"id":5722,"href":"https:\/\/ladepeche.mr\/index.php?rest_route=\/wp\/v2\/posts\/5721\/revisions\/5722"}],"wp:featuredmedia":[{"embeddable":true,"href":"https:\/\/ladepeche.mr\/index.php?rest_route=\/wp\/v2\/media\/5171"}],"wp:attachment":[{"href":"https:\/\/ladepeche.mr\/index.php?rest_route=%2Fwp%2Fv2%2Fmedia&parent=5721"}],"wp:term":[{"taxonomy":"category","embeddable":true,"href":"https:\/\/ladepeche.mr\/index.php?rest_route=%2Fwp%2Fv2%2Fcategories&post=5721"},{"taxonomy":"post_tag","embeddable":true,"href":"https:\/\/ladepeche.mr\/index.php?rest_route=%2Fwp%2Fv2%2Ftags&post=5721"}],"curies":[{"name":"wp","href":"https:\/\/api.w.org\/{rel}","templated":true}]}}