{"id":5724,"date":"2023-05-26T09:53:00","date_gmt":"2023-05-26T09:53:00","guid":{"rendered":"https:\/\/ladepeche.mr\/?p=5724"},"modified":"2023-05-26T09:59:48","modified_gmt":"2023-05-26T09:59:48","slug":"politique-bda-relaxe","status":"publish","type":"post","link":"https:\/\/ladepeche.mr\/?p=5724","title":{"rendered":"Politique: BDA relax\u00e9!"},"content":{"rendered":"<p>Biram Dah ABEID, \u00e9lu d\u00e9put\u00e9 Sawab \u00e0 l\u2019Assembl\u00e9e Nationale et pr\u00e9sident d&#8217;Ira-Mauritanie, arr\u00eat\u00e9 par la police a \u00e9t\u00e9 lib\u00e9r\u00e9 dans la nuit de jeudi \u00e0 vendredi. Il avait \u00e9t\u00e9 arr\u00eat\u00e9 mardi \u00e0 la suite d&#8217;une d\u00e9claration en conf\u00e9rence de presse, au lendemain des \u00e9lections du 13 mai et estim\u00e9e subversive, dans laquelle il \u00e9voquait le recours aux armes en cas de validation des r\u00e9sultats des scrutins d\u00e9pouill\u00e9s.<br \/>\nSes avocats avaient expliqu\u00e9 que la d\u00e9claration rejet\u00e9e par tous les partis politiques \u00e9tait &#8220;imag\u00e9e&#8221; pour faire r\u00e9f\u00e9rence au cheminement n\u00e9 de la situation de blocage sous Taya qui n&#8217;avait laiss\u00e9 d&#8217;autre alternative que l&#8217;expression de la violence.<br \/>\nDans un communiqu\u00e9 transmis jeudi \u00e0 &#8220;La D\u00e9p\u00eache de Mauritanie&#8221; par l&#8217;un de ses avocats, ces derniers ont estim\u00e9 que son arrestation &#8220;\u00e9tait ill\u00e9gale et en violation de l\u2019article 50 de la constitution mauritanienne&#8221;.<br \/>\nPlusieurs partis d&#8217;opposition ont qualifi\u00e9 les derni\u00e8res \u00e9lections g\u00e9n\u00e9rales organis\u00e9es dans le pays de &#8220;frauduleuses&#8221; et appel\u00e9 \u00e0 l&#8217;annulation de leurs r\u00e9sultats. L&#8217;opposition, en g\u00e9n\u00e9ral, y a \u00e9t\u00e9 lamin\u00e9e, au profit de partis de l&#8217;ex-Majorit\u00e9 pr\u00e9sidentielle.<br \/>\nDes pourparlers politiques entre les autorit\u00e9s et les partis politiques d&#8217;opposition jug\u00e9s &#8220;cordiaux&#8221; par le ministre de l&#8217;int\u00e9rieur ont \u00e9t\u00e9 organis\u00e9s \u00e0 l&#8217;effet de trouver une sortie de crise \u00e0 l&#8217;organisation boiteuse par la CENI de ces consultations de 2023.<\/p>\n","protected":false},"excerpt":{"rendered":"<p>Biram Dah ABEID, \u00e9lu d\u00e9put\u00e9 Sawab \u00e0 l\u2019Assembl\u00e9e Nationale et pr\u00e9sident d&#8217;Ira-Mauritanie, arr\u00eat\u00e9 par la police a \u00e9t\u00e9 lib\u00e9r\u00e9 dans la nuit de jeudi \u00e0 vendredi. Il avait \u00e9t\u00e9 arr\u00eat\u00e9 mardi \u00e0 la suite d&#8217;une d\u00e9claration en conf\u00e9rence de presse, au lendemain des \u00e9lections du 13 mai et estim\u00e9e subversive, dans laquelle il \u00e9voquait le &hellip;<\/p>\n","protected":false},"author":2,"featured_media":5725,"comment_status":"open","ping_status":"open","sticky":false,"template":"","format":"standard","meta":{"footnotes":""},"categories":[18,33],"tags":[],"class_list":["post-5724","post","type-post","status-publish","format-standard","has-post-thumbnail","hentry","category-actualites","category-eg"],"_links":{"self":[{"href":"https:\/\/ladepeche.mr\/index.php?rest_route=\/wp\/v2\/posts\/5724","targetHints":{"allow":["GET"]}}],"collection":[{"href":"https:\/\/ladepeche.mr\/index.php?rest_route=\/wp\/v2\/posts"}],"about":[{"href":"https:\/\/ladepeche.mr\/index.php?rest_route=\/wp\/v2\/types\/post"}],"author":[{"embeddable":true,"href":"https:\/\/ladepeche.mr\/index.php?rest_route=\/wp\/v2\/users\/2"}],"replies":[{"embeddable":true,"href":"https:\/\/ladepeche.mr\/index.php?rest_route=%2Fwp%2Fv2%2Fcomments&post=5724"}],"version-history":[{"count":4,"href":"https:\/\/ladepeche.mr\/index.php?rest_route=\/wp\/v2\/posts\/5724\/revisions"}],"predecessor-version":[{"id":5729,"href":"https:\/\/ladepeche.mr\/index.php?rest_route=\/wp\/v2\/posts\/5724\/revisions\/5729"}],"wp:featuredmedia":[{"embeddable":true,"href":"https:\/\/ladepeche.mr\/index.php?rest_route=\/wp\/v2\/media\/5725"}],"wp:attachment":[{"href":"https:\/\/ladepeche.mr\/index.php?rest_route=%2Fwp%2Fv2%2Fmedia&parent=5724"}],"wp:term":[{"taxonomy":"category","embeddable":true,"href":"https:\/\/ladepeche.mr\/index.php?rest_route=%2Fwp%2Fv2%2Fcategories&post=5724"},{"taxonomy":"post_tag","embeddable":true,"href":"https:\/\/ladepeche.mr\/index.php?rest_route=%2Fwp%2Fv2%2Ftags&post=5724"}],"curies":[{"name":"wp","href":"https:\/\/api.w.org\/{rel}","templated":true}]}}