{"id":5731,"date":"2023-05-26T10:56:54","date_gmt":"2023-05-26T10:56:54","guid":{"rendered":"https:\/\/ladepeche.mr\/?p=5731"},"modified":"2023-05-26T10:56:54","modified_gmt":"2023-05-26T10:56:54","slug":"expo-de-nouakchott-lopposition-reclame-de-juger-les-responsables-de-la-fraude-electorale","status":"publish","type":"post","link":"https:\/\/ladepeche.mr\/?p=5731","title":{"rendered":"Expo de Nouakchott : L\u2019opposition r\u00e9clame de juger &#8220;les responsables de la fraude&#8221; \u00e9lectorale"},"content":{"rendered":"<p>Plusieurs leaders de l\u2019opposition traditionnelle se sont retrouv\u00e9s jeudi, place des Expo \u00e0 Nouakchott, pour fustiger les conditions d\u2019organisation par la CENI des derni\u00e8res \u00e9lections g\u00e9n\u00e9rales du 13 mai 2023 et d\u00e9noncer ce qu\u2019ils consid\u00e8rent comme violation syst\u00e9matique des lois.<br \/>\nLes dirigeants de l\u2019opposition qui ont expliqu\u00e9 l\u2019organisation de cette rencontre tenir inform\u00e9e  l&#8217;opinion publique nationale de l&#8217;ampleur des manipulations en cours dans le processus \u00e9lectoral.<\/p>\n<p>Dans ce sens, le pr\u00e9sident de l\u2019UFP, Mohamed Ould Mawloud, a exhort\u00e9 \u00e0 juger les responsables de la \u00ab parodie \u00bb d\u2019\u00e9lections dans le pays estimant que ceux qui ont organis\u00e9 fraude sont ceux-l\u00e0 m\u00eame qui l\u2019organisaient sous les autres r\u00e9gimes.<br \/>\nTous les slogans \u00e9taient \u00e0 l\u2019unisson et r\u00e9clamaient une r\u00e9\u00e9dition des \u00e9lections.<br \/>\n A noter que pendant ce meeting, des portraits de BDA, emprisonn\u00e9, avant d\u2019\u00eatre relax\u00e9, \u00e9taient brandis en signe de solidarit\u00e9 avec lui.<\/p>\n","protected":false},"excerpt":{"rendered":"<p>Plusieurs leaders de l\u2019opposition traditionnelle se sont retrouv\u00e9s jeudi, place des Expo \u00e0 Nouakchott, pour fustiger les conditions d\u2019organisation par la CENI des derni\u00e8res \u00e9lections g\u00e9n\u00e9rales du 13 mai 2023 et d\u00e9noncer ce qu\u2019ils consid\u00e8rent comme violation syst\u00e9matique des lois. Les dirigeants de l\u2019opposition qui ont expliqu\u00e9 l\u2019organisation de cette rencontre tenir inform\u00e9e l&#8217;opinion publique &hellip;<\/p>\n","protected":false},"author":2,"featured_media":5732,"comment_status":"open","ping_status":"open","sticky":false,"template":"","format":"standard","meta":{"footnotes":""},"categories":[18],"tags":[],"class_list":["post-5731","post","type-post","status-publish","format-standard","has-post-thumbnail","hentry","category-actualites"],"_links":{"self":[{"href":"https:\/\/ladepeche.mr\/index.php?rest_route=\/wp\/v2\/posts\/5731","targetHints":{"allow":["GET"]}}],"collection":[{"href":"https:\/\/ladepeche.mr\/index.php?rest_route=\/wp\/v2\/posts"}],"about":[{"href":"https:\/\/ladepeche.mr\/index.php?rest_route=\/wp\/v2\/types\/post"}],"author":[{"embeddable":true,"href":"https:\/\/ladepeche.mr\/index.php?rest_route=\/wp\/v2\/users\/2"}],"replies":[{"embeddable":true,"href":"https:\/\/ladepeche.mr\/index.php?rest_route=%2Fwp%2Fv2%2Fcomments&post=5731"}],"version-history":[{"count":1,"href":"https:\/\/ladepeche.mr\/index.php?rest_route=\/wp\/v2\/posts\/5731\/revisions"}],"predecessor-version":[{"id":5733,"href":"https:\/\/ladepeche.mr\/index.php?rest_route=\/wp\/v2\/posts\/5731\/revisions\/5733"}],"wp:featuredmedia":[{"embeddable":true,"href":"https:\/\/ladepeche.mr\/index.php?rest_route=\/wp\/v2\/media\/5732"}],"wp:attachment":[{"href":"https:\/\/ladepeche.mr\/index.php?rest_route=%2Fwp%2Fv2%2Fmedia&parent=5731"}],"wp:term":[{"taxonomy":"category","embeddable":true,"href":"https:\/\/ladepeche.mr\/index.php?rest_route=%2Fwp%2Fv2%2Fcategories&post=5731"},{"taxonomy":"post_tag","embeddable":true,"href":"https:\/\/ladepeche.mr\/index.php?rest_route=%2Fwp%2Fv2%2Ftags&post=5731"}],"curies":[{"name":"wp","href":"https:\/\/api.w.org\/{rel}","templated":true}]}}