{"id":5773,"date":"2023-05-28T00:11:39","date_gmt":"2023-05-28T00:11:39","guid":{"rendered":"https:\/\/ladepeche.mr\/?p=5773"},"modified":"2023-05-28T00:16:07","modified_gmt":"2023-05-28T00:16:07","slug":"la-cndh-a-rendu-visite-a-biram-dah-abeid-sur-son-lieu-de-detention-communique","status":"publish","type":"post","link":"https:\/\/ladepeche.mr\/?p=5773","title":{"rendered":"La CNDH rend  visite \u00e0 Biram Dah Abeid dans son lieu de d\u00e9tention (communiqu\u00e9)"},"content":{"rendered":"<p>Une d\u00e9l\u00e9gation de la Commission Nationale des droits de l&#8217;homme a visit\u00e9 ce jeudi 25 Mai Mr Biram Dah Abeid dans son lieu de d\u00e9tention \u00e0 la Brigade de lutte contre le terrorisme.<br \/>\nLa CNDH \u00e9tait repr\u00e9sent\u00e9e lors de cette visite par Mr Ali Mohamed Ould Ebnou pr\u00e9sident de la sous commission communication et Mm Rabia Mint Cheikh Mbeirick membre du bureau permanent de la Commission Nationale des droits de l&#8217;homme.<br \/>\nCette visite a \u00e9t\u00e9 suivie le m\u00eame jour une visite similaire effectu\u00e9e par le Pr\u00e9sident de la CNDH Me Ahmed Salem Ould Bouhoubeyni. <\/p>\n<p>Ces deux visites s&#8217;inscrivent dans le cadre du r\u00f4le de la CNDH ax\u00e9 principalement sur la sauvegarde, la protection des droits des d\u00e9tenus et les personnes priv\u00e9es de libert\u00e9 de fa\u00e7on g\u00e9n\u00e9rale, la d\u00e9fense de ces droits et la sensibilisation \u00e0 cette th\u00e9matique.<br \/>\nCe r\u00f4le est pleinement jou\u00e9 par la CNDH en toute independence en collaboration favorable avec  les hautes autorit\u00e9s  du pays .<\/p>\n<p>La Commission Nationale exprime sa satisfaction quant \u00e0 la lib\u00e9ration de Me Biram Dah Abeid qui a eu lieu quelques heures apr\u00e8s ces deux visites. <\/p>\n<p>Le pr\u00e9sident de la commission nationale des droits de l&#8217;homme Me Ahmed Salem Ould Bouhoubeyni a \u00e9voqu\u00e9 auparavant ce sujet lors de son retour \u00e0 Nouakchott, \u00e0 travers une interview accord\u00e9e \u00e0 un organe de presse dans laquelle il a abord\u00e9 la position de la CNDH sur les questions suivantes :<br \/>\n&#8211; Le discours de violence et d&#8217;incitation \u00e0 la haine.<br \/>\n-Les droits des d\u00e9tenus et leur droit \u00e0 des conditions de d\u00e9tention favorables et \u00e0 un proc\u00e8s \u00e9quitable.<br \/>\n&#8211; Le droit de manifester, garanti par la constitution, et la n\u00e9cessit\u00e9 de respecter les exigences indispensables en cas de menace de la qui\u00e9tude g\u00e9n\u00e9rale.<br \/>\n&#8211; Le droit aux recours contre les r\u00e9sultats des \u00e9lections aupr\u00e8s des autorit\u00e9s judiciaires comp\u00e9tentes comme  seul  moyen juridique.<\/p>\n<p>Le Commission d&#8217;information<\/p>\n","protected":false},"excerpt":{"rendered":"<p>Une d\u00e9l\u00e9gation de la Commission Nationale des droits de l&#8217;homme a visit\u00e9 ce jeudi 25 Mai Mr Biram Dah Abeid dans son lieu de d\u00e9tention \u00e0 la Brigade de lutte contre le terrorisme. La CNDH \u00e9tait repr\u00e9sent\u00e9e lors de cette visite par Mr Ali Mohamed Ould Ebnou pr\u00e9sident de la sous commission communication et Mm &hellip;<\/p>\n","protected":false},"author":2,"featured_media":3452,"comment_status":"open","ping_status":"open","sticky":false,"template":"","format":"standard","meta":{"footnotes":""},"categories":[18,33,19],"tags":[],"class_list":["post-5773","post","type-post","status-publish","format-standard","has-post-thumbnail","hentry","category-actualites","category-eg","category-tribune"],"_links":{"self":[{"href":"https:\/\/ladepeche.mr\/index.php?rest_route=\/wp\/v2\/posts\/5773","targetHints":{"allow":["GET"]}}],"collection":[{"href":"https:\/\/ladepeche.mr\/index.php?rest_route=\/wp\/v2\/posts"}],"about":[{"href":"https:\/\/ladepeche.mr\/index.php?rest_route=\/wp\/v2\/types\/post"}],"author":[{"embeddable":true,"href":"https:\/\/ladepeche.mr\/index.php?rest_route=\/wp\/v2\/users\/2"}],"replies":[{"embeddable":true,"href":"https:\/\/ladepeche.mr\/index.php?rest_route=%2Fwp%2Fv2%2Fcomments&post=5773"}],"version-history":[{"count":3,"href":"https:\/\/ladepeche.mr\/index.php?rest_route=\/wp\/v2\/posts\/5773\/revisions"}],"predecessor-version":[{"id":5776,"href":"https:\/\/ladepeche.mr\/index.php?rest_route=\/wp\/v2\/posts\/5773\/revisions\/5776"}],"wp:featuredmedia":[{"embeddable":true,"href":"https:\/\/ladepeche.mr\/index.php?rest_route=\/wp\/v2\/media\/3452"}],"wp:attachment":[{"href":"https:\/\/ladepeche.mr\/index.php?rest_route=%2Fwp%2Fv2%2Fmedia&parent=5773"}],"wp:term":[{"taxonomy":"category","embeddable":true,"href":"https:\/\/ladepeche.mr\/index.php?rest_route=%2Fwp%2Fv2%2Fcategories&post=5773"},{"taxonomy":"post_tag","embeddable":true,"href":"https:\/\/ladepeche.mr\/index.php?rest_route=%2Fwp%2Fv2%2Ftags&post=5773"}],"curies":[{"name":"wp","href":"https:\/\/api.w.org\/{rel}","templated":true}]}}