{"id":5782,"date":"2023-05-28T22:52:05","date_gmt":"2023-05-28T22:52:05","guid":{"rendered":"https:\/\/ladepeche.mr\/?p=5782"},"modified":"2023-05-29T09:26:35","modified_gmt":"2023-05-29T09:26:35","slug":"urgent-mauritanie-un-avion-de-la-mai-souffle-la-piste-au-decollage-de-nouadhibou","status":"publish","type":"post","link":"https:\/\/ladepeche.mr\/?p=5782","title":{"rendered":"Urgent- Mauritanie- Un avion de la MAI souffle la piste au d\u00e9collage de Nouadhibou"},"content":{"rendered":"<p>Un avion de la Mauritanian Airlines de Type Embrayer E175 a litt\u00e9ralement souffl\u00e9 aujourd\u2019hui vers 14h, lors de son envol, le seuil de piste d&#8217;atterrissage laissant des trous b\u00e9ants sur 48m environ.<br \/>\nFort heureusement, il y eut plus de peur que de mal.<br \/>\nN\u00e9anmoins, en raison de la d\u00e9t\u00e9rioration de<br \/>\nla piste de l\u2019a\u00e9roport de Nouadhibou les vols \u00e0 destination de notre capitale \u00e9conomique entre lundi et mercredi  sont tous annul\u00e9s.<br \/>\nSelon les connaisseurs., cette piste renforc\u00e9e et r\u00e9habilit\u00e9e voil\u00e0 quelques temps par l\u2019ATTM montrait d\u00e9j\u00e0 des signes de sa d\u00e9gradation.<br \/>\nDes pilotes avaient, soutient-On, \u00e0 plusieurs fois, rappel\u00e9 la fragilit\u00e9  de cette partie de la<br \/>\npiste d\u2019atterrissage.<\/p>\n","protected":false},"excerpt":{"rendered":"<p>Un avion de la Mauritanian Airlines de Type Embrayer E175 a litt\u00e9ralement souffl\u00e9 aujourd\u2019hui vers 14h, lors de son envol, le seuil de piste d&#8217;atterrissage laissant des trous b\u00e9ants sur 48m environ. Fort heureusement, il y eut plus de peur que de mal. N\u00e9anmoins, en raison de la d\u00e9t\u00e9rioration de la piste de l\u2019a\u00e9roport de &hellip;<\/p>\n","protected":false},"author":2,"featured_media":5783,"comment_status":"open","ping_status":"open","sticky":false,"template":"","format":"standard","meta":{"footnotes":""},"categories":[18],"tags":[],"class_list":["post-5782","post","type-post","status-publish","format-standard","has-post-thumbnail","hentry","category-actualites"],"_links":{"self":[{"href":"https:\/\/ladepeche.mr\/index.php?rest_route=\/wp\/v2\/posts\/5782","targetHints":{"allow":["GET"]}}],"collection":[{"href":"https:\/\/ladepeche.mr\/index.php?rest_route=\/wp\/v2\/posts"}],"about":[{"href":"https:\/\/ladepeche.mr\/index.php?rest_route=\/wp\/v2\/types\/post"}],"author":[{"embeddable":true,"href":"https:\/\/ladepeche.mr\/index.php?rest_route=\/wp\/v2\/users\/2"}],"replies":[{"embeddable":true,"href":"https:\/\/ladepeche.mr\/index.php?rest_route=%2Fwp%2Fv2%2Fcomments&post=5782"}],"version-history":[{"count":8,"href":"https:\/\/ladepeche.mr\/index.php?rest_route=\/wp\/v2\/posts\/5782\/revisions"}],"predecessor-version":[{"id":5792,"href":"https:\/\/ladepeche.mr\/index.php?rest_route=\/wp\/v2\/posts\/5782\/revisions\/5792"}],"wp:featuredmedia":[{"embeddable":true,"href":"https:\/\/ladepeche.mr\/index.php?rest_route=\/wp\/v2\/media\/5783"}],"wp:attachment":[{"href":"https:\/\/ladepeche.mr\/index.php?rest_route=%2Fwp%2Fv2%2Fmedia&parent=5782"}],"wp:term":[{"taxonomy":"category","embeddable":true,"href":"https:\/\/ladepeche.mr\/index.php?rest_route=%2Fwp%2Fv2%2Fcategories&post=5782"},{"taxonomy":"post_tag","embeddable":true,"href":"https:\/\/ladepeche.mr\/index.php?rest_route=%2Fwp%2Fv2%2Ftags&post=5782"}],"curies":[{"name":"wp","href":"https:\/\/api.w.org\/{rel}","templated":true}]}}