{"id":5799,"date":"2023-05-29T19:09:56","date_gmt":"2023-05-29T19:09:56","guid":{"rendered":"https:\/\/ladepeche.mr\/?p=5799"},"modified":"2023-05-30T00:29:12","modified_gmt":"2023-05-30T00:29:12","slug":"mauritanie-garmi-mint-abba-retire-sa-plainte-contre-ceux-qui-auraient-diffuse-ses-images-intimes","status":"publish","type":"post","link":"https:\/\/ladepeche.mr\/?p=5799","title":{"rendered":"Mauritanie- Garmi Mint Abba retire sa plainte contre ceux qui auraient diffus\u00e9 ses photos intimes sur la toile"},"content":{"rendered":"<p>L\u2019avocat de la cantatrice Garmi Mint Abba, vedette malgr\u00e9 elle, d\u2019un feuilleton sur les r\u00e9seaux sociaux o\u00f9 ses images intimes ont \u00e9t\u00e9 diffus\u00e9es sur la toile, aurait retir\u00e9 la plainte d\u00e9pos\u00e9e devant la justice contre les pr\u00e9sum\u00e9s responsables.<br \/>\nUne enqu\u00eate judiciaire avait ouverte sur cette affaire qui d\u00e9frayait la chronique ces derniers jours sur la toile. La plaignante l\u2019artiste Garmi assure que ses photos \u00e9taient destin\u00e9es \u00e0 son \u00e9poux. Mais elles auraient \u00e9t\u00e9 r\u00e9cup\u00e9r\u00e9es sur son t\u00e9l\u00e9phone vol\u00e9 afin de distiller ses images sur la toile pour lui porter pr\u00e9judice.<\/p>\n","protected":false},"excerpt":{"rendered":"<p>L\u2019avocat de la cantatrice Garmi Mint Abba, vedette malgr\u00e9 elle, d\u2019un feuilleton sur les r\u00e9seaux sociaux o\u00f9 ses images intimes ont \u00e9t\u00e9 diffus\u00e9es sur la toile, aurait retir\u00e9 la plainte d\u00e9pos\u00e9e devant la justice contre les pr\u00e9sum\u00e9s responsables. Une enqu\u00eate judiciaire avait ouverte sur cette affaire qui d\u00e9frayait la chronique ces derniers jours sur la &hellip;<\/p>\n","protected":false},"author":2,"featured_media":5801,"comment_status":"open","ping_status":"open","sticky":false,"template":"","format":"standard","meta":{"footnotes":""},"categories":[18,15],"tags":[],"class_list":["post-5799","post","type-post","status-publish","format-standard","has-post-thumbnail","hentry","category-actualites","category-culture"],"_links":{"self":[{"href":"https:\/\/ladepeche.mr\/index.php?rest_route=\/wp\/v2\/posts\/5799","targetHints":{"allow":["GET"]}}],"collection":[{"href":"https:\/\/ladepeche.mr\/index.php?rest_route=\/wp\/v2\/posts"}],"about":[{"href":"https:\/\/ladepeche.mr\/index.php?rest_route=\/wp\/v2\/types\/post"}],"author":[{"embeddable":true,"href":"https:\/\/ladepeche.mr\/index.php?rest_route=\/wp\/v2\/users\/2"}],"replies":[{"embeddable":true,"href":"https:\/\/ladepeche.mr\/index.php?rest_route=%2Fwp%2Fv2%2Fcomments&post=5799"}],"version-history":[{"count":4,"href":"https:\/\/ladepeche.mr\/index.php?rest_route=\/wp\/v2\/posts\/5799\/revisions"}],"predecessor-version":[{"id":5808,"href":"https:\/\/ladepeche.mr\/index.php?rest_route=\/wp\/v2\/posts\/5799\/revisions\/5808"}],"wp:featuredmedia":[{"embeddable":true,"href":"https:\/\/ladepeche.mr\/index.php?rest_route=\/wp\/v2\/media\/5801"}],"wp:attachment":[{"href":"https:\/\/ladepeche.mr\/index.php?rest_route=%2Fwp%2Fv2%2Fmedia&parent=5799"}],"wp:term":[{"taxonomy":"category","embeddable":true,"href":"https:\/\/ladepeche.mr\/index.php?rest_route=%2Fwp%2Fv2%2Fcategories&post=5799"},{"taxonomy":"post_tag","embeddable":true,"href":"https:\/\/ladepeche.mr\/index.php?rest_route=%2Fwp%2Fv2%2Ftags&post=5799"}],"curies":[{"name":"wp","href":"https:\/\/api.w.org\/{rel}","templated":true}]}}