{"id":5805,"date":"2023-05-29T20:36:54","date_gmt":"2023-05-29T20:36:54","guid":{"rendered":"https:\/\/ladepeche.mr\/?p=5805"},"modified":"2023-05-29T20:36:54","modified_gmt":"2023-05-29T20:36:54","slug":"sebkha-mort-dune-personne-au-commissariat-de-police-apres-son-arrestation-sa-famille-reclame-une-autopsie","status":"publish","type":"post","link":"https:\/\/ladepeche.mr\/?p=5805","title":{"rendered":"Sebkha : mort d\u2019une personne au commissariat de police apr\u00e8s son arrestation, sa famille r\u00e9clame une autopsie"},"content":{"rendered":"<p>Dans la soir\u00e9e de dimanche 28 mai, Oumar Hamady Mbao Diop est arr\u00eat\u00e9 par la police de Sebkha (Nouakchott), selon sa famille. <\/p>\n<p>Celle-ci indique avoir \u00e9t\u00e9 inform\u00e9 de la nouvelle de sa mort vers les coups de 3h du matin. Ce lundi matin 29 mai, le corps du jeune homme se trouvait \u00e0 la morgue de l\u2019h\u00f4pital national de Nouakchott. <\/p>\n<p>La famille r\u00e9clame une autopsie pour d\u00e9terminer les circonstances de sa mort.<\/p>\n<p>Par La r\u00e9daction de Cridem<\/p>\n","protected":false},"excerpt":{"rendered":"<p>Dans la soir\u00e9e de dimanche 28 mai, Oumar Hamady Mbao Diop est arr\u00eat\u00e9 par la police de Sebkha (Nouakchott), selon sa famille. Celle-ci indique avoir \u00e9t\u00e9 inform\u00e9 de la nouvelle de sa mort vers les coups de 3h du matin. Ce lundi matin 29 mai, le corps du jeune homme se trouvait \u00e0 la morgue &hellip;<\/p>\n","protected":false},"author":2,"featured_media":5806,"comment_status":"open","ping_status":"open","sticky":false,"template":"","format":"standard","meta":{"footnotes":""},"categories":[18],"tags":[],"class_list":["post-5805","post","type-post","status-publish","format-standard","has-post-thumbnail","hentry","category-actualites"],"_links":{"self":[{"href":"https:\/\/ladepeche.mr\/index.php?rest_route=\/wp\/v2\/posts\/5805","targetHints":{"allow":["GET"]}}],"collection":[{"href":"https:\/\/ladepeche.mr\/index.php?rest_route=\/wp\/v2\/posts"}],"about":[{"href":"https:\/\/ladepeche.mr\/index.php?rest_route=\/wp\/v2\/types\/post"}],"author":[{"embeddable":true,"href":"https:\/\/ladepeche.mr\/index.php?rest_route=\/wp\/v2\/users\/2"}],"replies":[{"embeddable":true,"href":"https:\/\/ladepeche.mr\/index.php?rest_route=%2Fwp%2Fv2%2Fcomments&post=5805"}],"version-history":[{"count":1,"href":"https:\/\/ladepeche.mr\/index.php?rest_route=\/wp\/v2\/posts\/5805\/revisions"}],"predecessor-version":[{"id":5807,"href":"https:\/\/ladepeche.mr\/index.php?rest_route=\/wp\/v2\/posts\/5805\/revisions\/5807"}],"wp:featuredmedia":[{"embeddable":true,"href":"https:\/\/ladepeche.mr\/index.php?rest_route=\/wp\/v2\/media\/5806"}],"wp:attachment":[{"href":"https:\/\/ladepeche.mr\/index.php?rest_route=%2Fwp%2Fv2%2Fmedia&parent=5805"}],"wp:term":[{"taxonomy":"category","embeddable":true,"href":"https:\/\/ladepeche.mr\/index.php?rest_route=%2Fwp%2Fv2%2Fcategories&post=5805"},{"taxonomy":"post_tag","embeddable":true,"href":"https:\/\/ladepeche.mr\/index.php?rest_route=%2Fwp%2Fv2%2Ftags&post=5805"}],"curies":[{"name":"wp","href":"https:\/\/api.w.org\/{rel}","templated":true}]}}