{"id":5809,"date":"2023-05-30T13:19:06","date_gmt":"2023-05-30T13:19:06","guid":{"rendered":"https:\/\/ladepeche.mr\/?p=5809"},"modified":"2023-05-30T13:29:56","modified_gmt":"2023-05-30T13:29:56","slug":"vienne-lexperience-dun-discours-alternatif-par-les-femmes","status":"publish","type":"post","link":"https:\/\/ladepeche.mr\/?p=5809","title":{"rendered":"Vienne : l\u2019exp\u00e9rience mauritanienne d\u2019un discours alternatif par les femmes"},"content":{"rendered":"<p>L\u2019exp\u00e9rience des Mourchidates (pr\u00e9dicatrices) dans la strat\u00e9gie de d\u00e9construction du terrorisme pr\u00e9sent\u00e9e par les autorit\u00e9s mauritaniennes \u00e0 Vienne.<\/p>\n<p>Sur invitation de L&#8217;ONUDC (Office des Nations unies contre la drogue et le crime), qui a pilot\u00e9 et contribu\u00e9 avec la CellRad- Mauritanie et le minist\u00e8re des Affaires Islamiques et de l&#8217;enseignement Originel, \u00e0 la cr\u00e9ation du r\u00e9seau des Mourchidates, la Mauritanie \u00e9tait pr\u00e9sente \u00e0 Vienne  \u00e0 la rencontr\u00e9 :\u2018\u2019le r\u00f4le des leaders religieux f\u00e9minins dans la pr\u00e9vention et la lutte contre l\u2019extr\u00e9misme violent : tirer les le\u00e7ons de l\u2019exp\u00e9rience des mourchidates\u201d. <\/p>\n<p>En marge de cette 3\u00e8me session de la commission pour la pr\u00e9vention du crime et la justice p\u00e9nale, organis\u00e9e  \u00e0 Vienne la Mauritanie \u00e9tait donc invit\u00e9e \u00e0 pr\u00e9senter son exp\u00e9rience en mati\u00e8re de pr\u00e9vention et lutte contre la radicalisation et l&#8217;extr\u00e9misme violent \u00e0  travers l&#8217;exp\u00e9rience des &#8220;MOURCHIDATES&#8221;. Un r\u00e9seau mis en place par le gouvernement mauritanien avec l\u2019appui de ses partenaires pour contrer le discours religieux violent et extr\u00e9miste gr\u00e2ce \u00e0 l\u2019implication des femmes.<br \/>\n\u00abPr\u00e9sentation\u00bb , \u00ab plaidoyer \u00bb et \u00ab \u00e9changes d\u2019exp\u00e9riences \u00bb visant \u00e0 mettre en exergue l\u2019action des femmes guides religieuses, form\u00e9es sur le discours alternatif au discours radical, \u00e9labor\u00e9 par le minist\u00e8re des affaires islamiques et de l&#8217;enseignement originel en collaboration avec l&#8217;office des Oul\u00e9mas de Mauritanie et l&#8217;association des Imams de Mauritanie, \u00e9taient la panoplie pr\u00e9sent\u00e9e sur cette exp\u00e9rience par Sid\u2019Ahmed Ould Boililatou, en pr\u00e9sence d\u2019une des leurs Zeinebou Mint Mata.<br \/>\nAu cours des assises de Vienne, le repr\u00e9sentant du minist\u00e8re des affaires islamiques et de la Cellule nationale de lutte contre la radicalisation et l&#8217;extr\u00e9misme violent en Mauritanie, Ould Beililatou, a bross\u00e9 l&#8217;exp\u00e9rience de son pays telle que d\u00e9clin\u00e9e dans la strat\u00e9gie nationale de lutte contre la radicalisation, l&#8217;extr\u00e9misme violent et le terrorisme. Il a notamment inscrit cette strat\u00e9gie dans le cadre de la promotion des valeurs de tol\u00e9rance et des enseignements de mod\u00e9ration inculqu\u00e9es par l\u2019Islam. Il a, \u00e0 cet effet, rappel\u00e9 le r\u00f4le idoine de la femme musulmane pour v\u00e9hiculer et diss\u00e9miner ces valeurs religieuses \u00e0 l&#8217;exp\u00e9rience des pr\u00e9dicatrices ou guides religieuses pr\u00e9sentes dans plusieurs r\u00e9gions du pays, pour pr\u00e9venir et lutter contre les risques de la radicalisation et l&#8217;extr\u00e9misme violent en Mauritanie. Le repr\u00e9sentant mauritanien \u00e0 cette rencontre a aussi l\u2019influence que peut avoir la femme sur la d\u00e9construction des st\u00e9r\u00e9otypes. Il a dans ce cadre rappel\u00e9 que les autorit\u00e9s de son pays, aid\u00e9es par les partenaires au d\u00e9veloppement, a engag\u00e9 une strat\u00e9gie multiforme contre l\u2019expansion du terrorisme vers son pays indiquant que son succ\u00e8s est salu\u00e9 par toute la communaut\u00e9 internationale.<br \/>\nUne riche exp\u00e9rience qui int\u00e9resse aussi d&#8217;autres pays et des organismes internationaux.<\/p>\n","protected":false},"excerpt":{"rendered":"<p>L\u2019exp\u00e9rience des Mourchidates (pr\u00e9dicatrices) dans la strat\u00e9gie de d\u00e9construction du terrorisme pr\u00e9sent\u00e9e par les autorit\u00e9s mauritaniennes \u00e0 Vienne. Sur invitation de L&#8217;ONUDC (Office des Nations unies contre la drogue et le crime), qui a pilot\u00e9 et contribu\u00e9 avec la CellRad- Mauritanie et le minist\u00e8re des Affaires Islamiques et de l&#8217;enseignement Originel, \u00e0 la cr\u00e9ation du &hellip;<\/p>\n","protected":false},"author":2,"featured_media":5812,"comment_status":"open","ping_status":"open","sticky":false,"template":"","format":"standard","meta":{"footnotes":""},"categories":[18,15],"tags":[],"class_list":["post-5809","post","type-post","status-publish","format-standard","has-post-thumbnail","hentry","category-actualites","category-culture"],"_links":{"self":[{"href":"https:\/\/ladepeche.mr\/index.php?rest_route=\/wp\/v2\/posts\/5809","targetHints":{"allow":["GET"]}}],"collection":[{"href":"https:\/\/ladepeche.mr\/index.php?rest_route=\/wp\/v2\/posts"}],"about":[{"href":"https:\/\/ladepeche.mr\/index.php?rest_route=\/wp\/v2\/types\/post"}],"author":[{"embeddable":true,"href":"https:\/\/ladepeche.mr\/index.php?rest_route=\/wp\/v2\/users\/2"}],"replies":[{"embeddable":true,"href":"https:\/\/ladepeche.mr\/index.php?rest_route=%2Fwp%2Fv2%2Fcomments&post=5809"}],"version-history":[{"count":2,"href":"https:\/\/ladepeche.mr\/index.php?rest_route=\/wp\/v2\/posts\/5809\/revisions"}],"predecessor-version":[{"id":5813,"href":"https:\/\/ladepeche.mr\/index.php?rest_route=\/wp\/v2\/posts\/5809\/revisions\/5813"}],"wp:featuredmedia":[{"embeddable":true,"href":"https:\/\/ladepeche.mr\/index.php?rest_route=\/wp\/v2\/media\/5812"}],"wp:attachment":[{"href":"https:\/\/ladepeche.mr\/index.php?rest_route=%2Fwp%2Fv2%2Fmedia&parent=5809"}],"wp:term":[{"taxonomy":"category","embeddable":true,"href":"https:\/\/ladepeche.mr\/index.php?rest_route=%2Fwp%2Fv2%2Fcategories&post=5809"},{"taxonomy":"post_tag","embeddable":true,"href":"https:\/\/ladepeche.mr\/index.php?rest_route=%2Fwp%2Fv2%2Ftags&post=5809"}],"curies":[{"name":"wp","href":"https:\/\/api.w.org\/{rel}","templated":true}]}}