{"id":5815,"date":"2023-05-30T20:38:36","date_gmt":"2023-05-30T20:38:36","guid":{"rendered":"https:\/\/ladepeche.mr\/?p=5815"},"modified":"2023-05-30T20:39:16","modified_gmt":"2023-05-30T20:39:16","slug":"declaration-du-ministre-de-linterieur-suite-aux-manifestations-observees-a-nouakchott-et-boghe-la-situation-est-sous-controle-letat-sopposera-fermement-a-quiconque-t","status":"publish","type":"post","link":"https:\/\/ladepeche.mr\/?p=5815","title":{"rendered":"D\u00e9claration du ministre de l\u2019int\u00e9rieur suite aux manifestations observ\u00e9es \u00e0 Nouakchott et Bogh\u00e9: \u00abla situation est sous contr\u00f4le. L&#8217;\u00c9tat (&#8230;) s\u2019opposera fermement \u00e0 quiconque tentera de compromettre la s\u00e9curit\u00e9, la tranquillit\u00e9 et la paix civiles \u00bb"},"content":{"rendered":"<p>Dans une d\u00e9claration visant \u00e0 \u00e9clairer l\u2019opinion publique, le ministre de l\u2019int\u00e9rieur, Mohamed Ould Mohamed Lemine, a soutenu que: <\/p>\n<p>-Concernant les circonstances du d\u00e9c\u00e8s de feu Omar Job, ses circonstances et circonstance ont \u00e9t\u00e9 pr\u00e9cis\u00e9es dans le communiqu\u00e9 de la Direction G\u00e9n\u00e9rale de la S\u00fbret\u00e9 Nationale rendu public hier soir. Une enqu\u00eate judiciaire sur l&#8217;affaire se poursuit. L&#8217;autopsie et les autres examens m\u00e9dicaux ont eu lieu en pr\u00e9sence d&#8217;un avocat commis d&#8217;office par la famille du d\u00e9funt.<\/p>\n<p>-L&#8217;enqu\u00eate se poursuivra comme elle a commenc\u00e9 en toute transparence afin que la justice puisse suivre son cours. <\/p>\n<p>-Concernant les circonstances du d\u00e9c\u00e8s de feu Mohamed El-Amine Ould Semb &#8211; Il y a eu une tentative d&#8217;effraction au commissariat de police de Bogh\u00e9, similaire aux \u00e9meutes qui ont eu lieu dans la ville. Une enqu\u00eate pr\u00e9liminaire est en cours sur ces \u00e9v\u00e9nements. Les villes de Nouakchott et de Bogh\u00e9 ont \u00e9t\u00e9 le th\u00e9\u00e2tre d&#8217;\u00e9meutes condamn\u00e9es, dont la plupart \u00e9taient des groupes de mineurs, qui ont \u0153uvr\u00e9 pour endommager les biens publics et priv\u00e9s et troubler la paix publique.<\/p>\n<p>Malheureusement, certains ont profit\u00e9 de ces \u00e9v\u00e9nements dans le but de porter atteinte \u00e0 la s\u00e9curit\u00e9 et \u00e0 la tranquillit\u00e9 publiques. <\/p>\n<p>-A la suite de ces \u00e9v\u00e9nements et pour pr\u00e9server l&#8217;atmosph\u00e8re de qui\u00e9tude et de s\u00e9curit\u00e9, le comit\u00e9 de s\u00e9curit\u00e9 s&#8217;est r\u00e9uni hier soir dans les locaux du Minist\u00e8re de l&#8217;Int\u00e9rieur et de la D\u00e9centralisation et a pris toutes les mesures et proc\u00e9dures n\u00e9cessaires pour pr\u00e9server la s\u00e9curit\u00e9 et les biens des citoyens et propager la paix au service de l&#8217;int\u00e9r\u00eat sup\u00e9rieur de la patrie. <\/p>\n<p>-Nous assurons \u00e0 tous les citoyens et r\u00e9sidents que la situation est normale et sous contr\u00f4le complet. L&#8217;\u00c9tat, parall\u00e8lement \u00e0 son plein souci de r\u00e9aliser le droit et de faire respecter la justice, affrontera fermement et avec force de loi quiconque tentera de compromettre la s\u00e9curit\u00e9, la tranquillit\u00e9 et la paix civile. <\/p>\n<p>-J&#8217;appelle tout le monde, en particulier les leaders d&#8217;opinion, y compris les juristes, les imams, les politiques, les notables, les professionnels des m\u00e9dias, les acteurs de la soci\u00e9t\u00e9 civile et les blogueurs, \u00e0 \u0153uvrer pour \u00e9clairer l&#8217;opinion publique et \u00e0 contribuer \u00e0 la paix et la qui\u00e9tude pour pr\u00e9server la s\u00e9curit\u00e9 du citoyen et de ses biens.<br \/>\nvia minist\u00e8re de la communication<\/p>\n","protected":false},"excerpt":{"rendered":"<p>Dans une d\u00e9claration visant \u00e0 \u00e9clairer l\u2019opinion publique, le ministre de l\u2019int\u00e9rieur, Mohamed Ould Mohamed Lemine, a soutenu que: -Concernant les circonstances du d\u00e9c\u00e8s de feu Omar Job, ses circonstances et circonstance ont \u00e9t\u00e9 pr\u00e9cis\u00e9es dans le communiqu\u00e9 de la Direction G\u00e9n\u00e9rale de la S\u00fbret\u00e9 Nationale rendu public hier soir. Une enqu\u00eate judiciaire sur l&#8217;affaire &hellip;<\/p>\n","protected":false},"author":2,"featured_media":4357,"comment_status":"open","ping_status":"open","sticky":false,"template":"","format":"standard","meta":{"footnotes":""},"categories":[18],"tags":[],"class_list":["post-5815","post","type-post","status-publish","format-standard","has-post-thumbnail","hentry","category-actualites"],"_links":{"self":[{"href":"https:\/\/ladepeche.mr\/index.php?rest_route=\/wp\/v2\/posts\/5815","targetHints":{"allow":["GET"]}}],"collection":[{"href":"https:\/\/ladepeche.mr\/index.php?rest_route=\/wp\/v2\/posts"}],"about":[{"href":"https:\/\/ladepeche.mr\/index.php?rest_route=\/wp\/v2\/types\/post"}],"author":[{"embeddable":true,"href":"https:\/\/ladepeche.mr\/index.php?rest_route=\/wp\/v2\/users\/2"}],"replies":[{"embeddable":true,"href":"https:\/\/ladepeche.mr\/index.php?rest_route=%2Fwp%2Fv2%2Fcomments&post=5815"}],"version-history":[{"count":2,"href":"https:\/\/ladepeche.mr\/index.php?rest_route=\/wp\/v2\/posts\/5815\/revisions"}],"predecessor-version":[{"id":5817,"href":"https:\/\/ladepeche.mr\/index.php?rest_route=\/wp\/v2\/posts\/5815\/revisions\/5817"}],"wp:featuredmedia":[{"embeddable":true,"href":"https:\/\/ladepeche.mr\/index.php?rest_route=\/wp\/v2\/media\/4357"}],"wp:attachment":[{"href":"https:\/\/ladepeche.mr\/index.php?rest_route=%2Fwp%2Fv2%2Fmedia&parent=5815"}],"wp:term":[{"taxonomy":"category","embeddable":true,"href":"https:\/\/ladepeche.mr\/index.php?rest_route=%2Fwp%2Fv2%2Fcategories&post=5815"},{"taxonomy":"post_tag","embeddable":true,"href":"https:\/\/ladepeche.mr\/index.php?rest_route=%2Fwp%2Fv2%2Ftags&post=5815"}],"curies":[{"name":"wp","href":"https:\/\/api.w.org\/{rel}","templated":true}]}}