{"id":5818,"date":"2023-05-30T21:40:21","date_gmt":"2023-05-30T21:40:21","guid":{"rendered":"https:\/\/ladepeche.mr\/?p=5818"},"modified":"2023-05-30T20:42:36","modified_gmt":"2023-05-30T20:42:36","slug":"mort-doumar-diop-la-justice-a-ouvert-une-enquete-procureur-de-la-republique-de-nouakchott-ouest","status":"publish","type":"post","link":"https:\/\/ladepeche.mr\/?p=5818","title":{"rendered":"Mort d\u2019Oumar Diop : la justice a ouvert une enqu\u00eate (procureur de la R\u00e9publique de Nouakchott- Ouest)"},"content":{"rendered":"<p> Le procureur de la R\u00e9publique de de Nouakchott- Ouest, le magistrat Ahmed Abdallahi Moustapha, a fait une d\u00e9claration, ce mardi 30 mai, dans le cadre de la mort de Oumar Diop, tu\u00e9, selon sa famille, dans un commissariat de police \u00e0 Sebkha.<\/p>\n<p>Il a affirm\u00e9 que tous les policiers qui \u00e9taient en permanence le soir de la mort d\u2019Oumar Diop ainsi que ceux qui l\u2019ont emmen\u00e9 au commissariat ont \u00e9t\u00e9 entendus, confirmant qu\u2019une enqu\u00eate a \u00e9t\u00e9 ouverte pour situer les responsabilit\u00e9s.<\/p>\n<p>Au sujet de l\u2019autopsie qui a \u00e9t\u00e9 effectu\u00e9e en pr\u00e9sence d\u2019un repr\u00e9sentant, d\u2019un m\u00e9decin et avocat de la famille, le procureur de la R\u00e9publique de Nouakchott- Ouest a affirm\u00e9 que les conclusions finales seront communiqu\u00e9es \u00e0 l\u2019opinion publique.<\/p>\n<p>Selon le procureur de la R\u00e9publique de la wilaya de Nouakchott- Ouest, des pr\u00e9l\u00e8vements de contenu gastrique, de sang et d&#8217;urine seront envoy\u00e9s \u00e0 l&#8217;\u00e9tranger pour \u00eatre analys\u00e9s afin de compl\u00e9ter l\u2019autopsie, avant l&#8217;annonce du rapport final de l&#8217;enqu\u00eate.<\/p>\n<p>Le procureur de la R\u00e9publique de Nouakchott- Ouest a \u00e9galement indiqu\u00e9 que les individus qui \u00e9taient avec Oumar Diop, lorsqu\u2019une patrouille de police est intervenue, sont activement recherch\u00e9s.<\/p>\n<p>Par La r\u00e9daction de Cridem<\/p>\n","protected":false},"excerpt":{"rendered":"<p>Le procureur de la R\u00e9publique de de Nouakchott- Ouest, le magistrat Ahmed Abdallahi Moustapha, a fait une d\u00e9claration, ce mardi 30 mai, dans le cadre de la mort de Oumar Diop, tu\u00e9, selon sa famille, dans un commissariat de police \u00e0 Sebkha. Il a affirm\u00e9 que tous les policiers qui \u00e9taient en permanence le soir &hellip;<\/p>\n","protected":false},"author":2,"featured_media":5819,"comment_status":"open","ping_status":"open","sticky":false,"template":"","format":"standard","meta":{"footnotes":""},"categories":[18],"tags":[],"class_list":["post-5818","post","type-post","status-publish","format-standard","has-post-thumbnail","hentry","category-actualites"],"_links":{"self":[{"href":"https:\/\/ladepeche.mr\/index.php?rest_route=\/wp\/v2\/posts\/5818","targetHints":{"allow":["GET"]}}],"collection":[{"href":"https:\/\/ladepeche.mr\/index.php?rest_route=\/wp\/v2\/posts"}],"about":[{"href":"https:\/\/ladepeche.mr\/index.php?rest_route=\/wp\/v2\/types\/post"}],"author":[{"embeddable":true,"href":"https:\/\/ladepeche.mr\/index.php?rest_route=\/wp\/v2\/users\/2"}],"replies":[{"embeddable":true,"href":"https:\/\/ladepeche.mr\/index.php?rest_route=%2Fwp%2Fv2%2Fcomments&post=5818"}],"version-history":[{"count":1,"href":"https:\/\/ladepeche.mr\/index.php?rest_route=\/wp\/v2\/posts\/5818\/revisions"}],"predecessor-version":[{"id":5820,"href":"https:\/\/ladepeche.mr\/index.php?rest_route=\/wp\/v2\/posts\/5818\/revisions\/5820"}],"wp:featuredmedia":[{"embeddable":true,"href":"https:\/\/ladepeche.mr\/index.php?rest_route=\/wp\/v2\/media\/5819"}],"wp:attachment":[{"href":"https:\/\/ladepeche.mr\/index.php?rest_route=%2Fwp%2Fv2%2Fmedia&parent=5818"}],"wp:term":[{"taxonomy":"category","embeddable":true,"href":"https:\/\/ladepeche.mr\/index.php?rest_route=%2Fwp%2Fv2%2Fcategories&post=5818"},{"taxonomy":"post_tag","embeddable":true,"href":"https:\/\/ladepeche.mr\/index.php?rest_route=%2Fwp%2Fv2%2Ftags&post=5818"}],"curies":[{"name":"wp","href":"https:\/\/api.w.org\/{rel}","templated":true}]}}