{"id":5830,"date":"2023-05-31T12:39:29","date_gmt":"2023-05-31T12:39:29","guid":{"rendered":"https:\/\/ladepeche.mr\/?p=5830"},"modified":"2023-05-31T12:39:29","modified_gmt":"2023-05-31T12:39:29","slug":"banques-bpm-accede-a-la-garantie-sfi-aux-operations-de-financement-du-commerce-international","status":"publish","type":"post","link":"https:\/\/ladepeche.mr\/?p=5830","title":{"rendered":"Banques : BPM acc\u00e8de \u00e0 la garantie SFI aux op\u00e9rations de financement du Commerce international"},"content":{"rendered":"<p>Les deux parties annoncent la signature d\u2019une convention dont l\u2019objet est la garantie qu\u2019offre SFI aux op\u00e9rations de financement du Commerce international de la BPM.<br \/>\nUn communiqu\u00e9 a \u00e9t\u00e9 rendu public \u00e0 l\u2019effet de pr\u00e9ciser qu\u2019outre l\u2019entremise qu\u2019elle offre aupr\u00e8s de banques de taille internationale au profit de BPM, SFI lui permet aussi de \u00ab renforcer sa capacit\u00e9 de financement en faveur de sa client\u00e8le&#8221;.<br \/>\nPremi\u00e8re banque mauritanienne \u00e0 rejoindre le Programme GTFP de la SFI depuis 2014, la BPM s\u2019en tire avec \u00ab une grande marque de confiance des Institutions internationales \u00bb.<br \/>\nUn clin d\u2019\u0153il bien re\u00e7u par Limam Ebnou, Pr\u00e9sident du CA de la BPM.<\/p>\n","protected":false},"excerpt":{"rendered":"<p>Les deux parties annoncent la signature d\u2019une convention dont l\u2019objet est la garantie qu\u2019offre SFI aux op\u00e9rations de financement du Commerce international de la BPM. Un communiqu\u00e9 a \u00e9t\u00e9 rendu public \u00e0 l\u2019effet de pr\u00e9ciser qu\u2019outre l\u2019entremise qu\u2019elle offre aupr\u00e8s de banques de taille internationale au profit de BPM, SFI lui permet aussi de \u00ab &hellip;<\/p>\n","protected":false},"author":2,"featured_media":5831,"comment_status":"open","ping_status":"open","sticky":false,"template":"","format":"standard","meta":{"footnotes":""},"categories":[18,2,25],"tags":[],"class_list":["post-5830","post","type-post","status-publish","format-standard","has-post-thumbnail","hentry","category-actualites","category-economie","category-en-forme"],"_links":{"self":[{"href":"https:\/\/ladepeche.mr\/index.php?rest_route=\/wp\/v2\/posts\/5830","targetHints":{"allow":["GET"]}}],"collection":[{"href":"https:\/\/ladepeche.mr\/index.php?rest_route=\/wp\/v2\/posts"}],"about":[{"href":"https:\/\/ladepeche.mr\/index.php?rest_route=\/wp\/v2\/types\/post"}],"author":[{"embeddable":true,"href":"https:\/\/ladepeche.mr\/index.php?rest_route=\/wp\/v2\/users\/2"}],"replies":[{"embeddable":true,"href":"https:\/\/ladepeche.mr\/index.php?rest_route=%2Fwp%2Fv2%2Fcomments&post=5830"}],"version-history":[{"count":1,"href":"https:\/\/ladepeche.mr\/index.php?rest_route=\/wp\/v2\/posts\/5830\/revisions"}],"predecessor-version":[{"id":5832,"href":"https:\/\/ladepeche.mr\/index.php?rest_route=\/wp\/v2\/posts\/5830\/revisions\/5832"}],"wp:featuredmedia":[{"embeddable":true,"href":"https:\/\/ladepeche.mr\/index.php?rest_route=\/wp\/v2\/media\/5831"}],"wp:attachment":[{"href":"https:\/\/ladepeche.mr\/index.php?rest_route=%2Fwp%2Fv2%2Fmedia&parent=5830"}],"wp:term":[{"taxonomy":"category","embeddable":true,"href":"https:\/\/ladepeche.mr\/index.php?rest_route=%2Fwp%2Fv2%2Fcategories&post=5830"},{"taxonomy":"post_tag","embeddable":true,"href":"https:\/\/ladepeche.mr\/index.php?rest_route=%2Fwp%2Fv2%2Ftags&post=5830"}],"curies":[{"name":"wp","href":"https:\/\/api.w.org\/{rel}","templated":true}]}}